{"id":43642,"date":"2024-07-01T18:13:08","date_gmt":"2024-07-01T18:13:08","guid":{"rendered":"http:\/\/vocesver.com\/noticias\/?p=43642"},"modified":"2024-07-01T18:13:09","modified_gmt":"2024-07-01T18:13:09","slug":"frena-nahle-a-adelantados-morena-y-encuesta-definiran-candidaturas-a-alcaldias","status":"publish","type":"post","link":"http:\/\/vocesver.com\/noticias\/frena-nahle-a-adelantados-morena-y-encuesta-definiran-candidaturas-a-alcaldias\/","title":{"rendered":"FRENA NAHLE A ADELANTADOS, MORENA Y ENCUESTA DEFINIR\u00c1N CANDIDATURAS A ALCALD\u00cdAS"},"content":{"rendered":"\n<p><br><br>&gt;A trabajar, no se adelanten, para 2025 a\u00fan falta, advierte.<br>&gt; \u201cNo vamos a entrar en divisiones ni confrontaciones\u201d<br><br><br><br>AUSENCIO RIVERA\/VOCESVER.COM\/NOTICIAS<br><br>Misantla, Ver., domingo 30 de junio de 2024.-La gobernadora electa de Veracruz, Roc\u00edo Nahle advirti\u00f3 que ser\u00e1 el partido, previa encuesta, quien defina a los candidatos y candidatas que contender\u00e1n a las presidencias municipales en 2025.<br><br>Ahora son tiempos trabajar y \u201cno entrar en divisiones ni confrontaciones, como dirigentes debemos de tener seriedad \u201d, enfatiz\u00f3.<br><br>Desde aqu\u00ed, Nahle Garc\u00eda, lanz\u00f3 un contundente mensaje de unidad y trabajo organizado para estos meses que vienen y solicit\u00f3 a los compa\u00f1eros y compa\u00f1eras del movimiento a no distraerse ni adelantar tiempos electorales.<br><br>Se\u00f1al\u00f3 que todos deben concentrarse en la entrega -recepci\u00f3n y en dar resultados porque para 2025, cuando se elegir\u00e1n presidentes municipales, ser\u00e1 el partido quien conduzca y determine el proceso.<br><br>\u201cLo digo porque soy de Morena y est\u00e1 aqu\u00ed nuestro dirigente, estamos iniciando, tenemos que tomar protesta el primero de diciembre y poder trabajar, no vamos a entrar en divisiones ni confrontaciones. Que los que quieran en 2025 habr\u00e1 un proceso que va a dirigir el partido\u201d, concluy\u00f3.<br><br><br><br><br><br><br><br><br><br><br><br><br><br><br><br><br><br><br><br><br><br><\/p>\n","protected":false},"excerpt":{"rendered":"<p>&gt;A trabajar, no se adelanten, para 2025 a\u00fan falta, advierte.&gt; \u201cNo vamos a entrar en divisiones ni confrontaciones\u201d AUSENCIO RIVERA\/VOCESVER.COM\/NOTICIAS<\/p>\n","protected":false},"author":2,"featured_media":43647,"comment_status":"open","ping_status":"open","sticky":false,"template":"","format":"standard","meta":{"colormag_page_container_layout":"default_layout","colormag_page_sidebar_layout":"default_layout","footnotes":""},"categories":[2],"tags":[],"class_list":["post-43642","post","type-post","status-publish","format-standard","has-post-thumbnail","hentry","category-infogral"],"_links":{"self":[{"href":"http:\/\/vocesver.com\/noticias\/wp-json\/wp\/v2\/posts\/43642","targetHints":{"allow":["GET"]}}],"collection":[{"href":"http:\/\/vocesver.com\/noticias\/wp-json\/wp\/v2\/posts"}],"about":[{"href":"http:\/\/vocesver.com\/noticias\/wp-json\/wp\/v2\/types\/post"}],"author":[{"embeddable":true,"href":"http:\/\/vocesver.com\/noticias\/wp-json\/wp\/v2\/users\/2"}],"replies":[{"embeddable":true,"href":"http:\/\/vocesver.com\/noticias\/wp-json\/wp\/v2\/comments?post=43642"}],"version-history":[{"count":2,"href":"http:\/\/vocesver.com\/noticias\/wp-json\/wp\/v2\/posts\/43642\/revisions"}],"predecessor-version":[{"id":43648,"href":"http:\/\/vocesver.com\/noticias\/wp-json\/wp\/v2\/posts\/43642\/revisions\/43648"}],"wp:featuredmedia":[{"embeddable":true,"href":"http:\/\/vocesver.com\/noticias\/wp-json\/wp\/v2\/media\/43647"}],"wp:attachment":[{"href":"http:\/\/vocesver.com\/noticias\/wp-json\/wp\/v2\/media?parent=43642"}],"wp:term":[{"taxonomy":"category","embeddable":true,"href":"http:\/\/vocesver.com\/noticias\/wp-json\/wp\/v2\/categories?post=43642"},{"taxonomy":"post_tag","embeddable":true,"href":"http:\/\/vocesver.com\/noticias\/wp-json\/wp\/v2\/tags?post=43642"}],"curies":[{"name":"wp","href":"https:\/\/api.w.org\/{rel}","templated":true}]}}