{"id":43632,"date":"2024-07-01T17:58:07","date_gmt":"2024-07-01T17:58:07","guid":{"rendered":"http:\/\/vocesver.com\/noticias\/?p=43632"},"modified":"2024-07-01T18:01:33","modified_gmt":"2024-07-01T18:01:33","slug":"rocio-nahle-gobernara-cercana-al-pueblo-asegura-claudia-tello","status":"publish","type":"post","link":"http:\/\/vocesver.com\/noticias\/rocio-nahle-gobernara-cercana-al-pueblo-asegura-claudia-tello\/","title":{"rendered":"ROC\u00cdO NAHLE GOBERNAR\u00c1 CERCANA AL PUEBLO ASEGURA CLAUDIA TELLO"},"content":{"rendered":"\n<p>&gt;Se demostr\u00f3 con las mesas de atenci\u00f3n ciudadana que llevar\u00e1 a cabo en 30 cabeceras distritales locales.<br>&gt;Mientras la oposici\u00f3n desconoce el territorio y las necesidades del pueblo, Roc\u00edo Nahle los atiende uno a uno.<br><br>AUSENCCIO RIVERA\/VOCESVER.COM\/NOTICIAS<br>Misantla, Ver., lunes 01 de julio de 2024.- \u201cVer el inicio de la construcci\u00f3n del segundo piso de la Cuarta Transformaci\u00f3n me llena de esperanza, alegr\u00eda y satisfacci\u00f3n\u201d, asegur\u00f3 la senadora electa Claudia Tello Espinosa al reconocer la Gira del Agradecimiento que inici\u00f3 la gobernadora electa de Veracruz, Roc\u00edo Nahle Garc\u00eda.<br><br>Esta acci\u00f3n, que se replicar\u00e1 en las 30 cabeceras distritales locales, expres\u00f3 Tello Espinosa, es muestra de la sensibilidad femenina que hoy por primera vez en la historia regir\u00e1 el destino de la entidad en los pr\u00f3ximos seis a\u00f1os.<br><br>\u201cYo les dije, la sensibilidad femenina quedar\u00e1 al descubierto. No es que un var\u00f3n lo haga mejor o peor, no, esto tiene que ver con la forma, la manera, el estilo. La poblaci\u00f3n de Misantla y alrededores comparti\u00f3 necesidades comunitarias o personales con quien ser\u00e1 la pr\u00f3xima Gobernadora del Estado de Veracruz, la primer mujer Gobernadora Rocio Nahle Garc\u00eda.Y el regocijo en mi persona se expresa m\u00e1s.\u201d, detall\u00f3.<br><br>Claudia Tello indic\u00f3 que acompa\u00f1ar a Claudia Sheiunbaum y Roc\u00edo Nahle Garc\u00eda ser\u00e1 excelso.<br><br>\u201cUn roc\u00edo de esperanza invade a toda la Rep\u00fablica y singularmente al Estado de Veracruz donde los abrazos, el cari\u00f1o la escucha, ser\u00e1n el sello de una mujer sensible, emp\u00e1tica, amorosa como lo es Roc\u00edo Nahle. Este hito trae consigo, ese toque femenino por amor a Veracruz\u00bb, asegur\u00f3 la pr\u00f3xima Secretaria de Educaci\u00f3n de Veracruz.<br><br><br><br><br><br><br><br><br><br><br><br><br><br><br><br><br><br><br><br><br><br><\/p>\n","protected":false},"excerpt":{"rendered":"<p>&gt;Se demostr\u00f3 con las mesas de atenci\u00f3n ciudadana que llevar\u00e1 a cabo en 30 cabeceras distritales locales.&gt;Mientras la oposici\u00f3n desconoce<\/p>\n","protected":false},"author":2,"featured_media":43639,"comment_status":"open","ping_status":"open","sticky":false,"template":"","format":"standard","meta":{"colormag_page_container_layout":"default_layout","colormag_page_sidebar_layout":"default_layout","footnotes":""},"categories":[4],"tags":[],"class_list":["post-43632","post","type-post","status-publish","format-standard","has-post-thumbnail","hentry","category-estatal"],"_links":{"self":[{"href":"http:\/\/vocesver.com\/noticias\/wp-json\/wp\/v2\/posts\/43632","targetHints":{"allow":["GET"]}}],"collection":[{"href":"http:\/\/vocesver.com\/noticias\/wp-json\/wp\/v2\/posts"}],"about":[{"href":"http:\/\/vocesver.com\/noticias\/wp-json\/wp\/v2\/types\/post"}],"author":[{"embeddable":true,"href":"http:\/\/vocesver.com\/noticias\/wp-json\/wp\/v2\/users\/2"}],"replies":[{"embeddable":true,"href":"http:\/\/vocesver.com\/noticias\/wp-json\/wp\/v2\/comments?post=43632"}],"version-history":[{"count":3,"href":"http:\/\/vocesver.com\/noticias\/wp-json\/wp\/v2\/posts\/43632\/revisions"}],"predecessor-version":[{"id":43638,"href":"http:\/\/vocesver.com\/noticias\/wp-json\/wp\/v2\/posts\/43632\/revisions\/43638"}],"wp:featuredmedia":[{"embeddable":true,"href":"http:\/\/vocesver.com\/noticias\/wp-json\/wp\/v2\/media\/43639"}],"wp:attachment":[{"href":"http:\/\/vocesver.com\/noticias\/wp-json\/wp\/v2\/media?parent=43632"}],"wp:term":[{"taxonomy":"category","embeddable":true,"href":"http:\/\/vocesver.com\/noticias\/wp-json\/wp\/v2\/categories?post=43632"},{"taxonomy":"post_tag","embeddable":true,"href":"http:\/\/vocesver.com\/noticias\/wp-json\/wp\/v2\/tags?post=43632"}],"curies":[{"name":"wp","href":"https:\/\/api.w.org\/{rel}","templated":true}]}}