{"id":43613,"date":"2024-06-27T22:29:53","date_gmt":"2024-06-27T22:29:53","guid":{"rendered":"http:\/\/vocesver.com\/noticias\/?p=43613"},"modified":"2024-06-27T22:31:58","modified_gmt":"2024-06-27T22:31:58","slug":"rodrigo-calderon-secretario-de-desarrollo-agropecuario-reitera-nahle","status":"publish","type":"post","link":"http:\/\/vocesver.com\/noticias\/rodrigo-calderon-secretario-de-desarrollo-agropecuario-reitera-nahle\/","title":{"rendered":"RODRIGO CALDER\u00d3N SECRETARIO DE DESARROLLO AGROPECUARIO REITERA NAHLE"},"content":{"rendered":"\n<p><br><br>&gt;Es presidente municipal de Mart\u00ednez de la Torre y Coordinador de la Mesa de Transici\u00f3n.<br><br><br><br>AUSENCIO RIVERA\/VOCESVER.COM\/NOTICIAS<br>Boca del R\u00edo, Ver., jueves 27 de junio de 2024.- Rodrigo Calder\u00f3n Salas, actualmente alcalde de Mart\u00ednez de la Torre y Coordinador de la Mesa de Transici\u00f3n de Gobierno, ser\u00e1 el Secretario de Desarrollo Agropecuario, Rural y Pesca (SEDARPA), ratific\u00f3 la gobernadora electa de Veracruz, Roc\u00edo Nahle Garc\u00eda.<br> <br>Nacido en Mart\u00ednez de la Torre, es egresado de la Licenciatura en Contadur\u00eda por la Escuela Comercial de Contabilidad y Administraci\u00f3n ejerciendo con gran desempe\u00f1o en el \u00e1rea p\u00fablica y privada.<br> <br>Cuenta con una importante trayectoria en el ramo empresarial y comercial as\u00ed como en la producci\u00f3n y comercializaci\u00f3n de c\u00edtricos a nivel nacional e internacional. <br> <br>En el \u00e1mbito pol\u00edtico, fue diputado federal y presidente municipal de Mart\u00ednez de la Torre.<br><br><br><br><br><br><br><br><br><br><br><br><br><br><br><br><br><br><br><br><br><br><br><\/p>\n","protected":false},"excerpt":{"rendered":"<p>&gt;Es presidente municipal de Mart\u00ednez de la Torre y Coordinador de la Mesa de Transici\u00f3n. AUSENCIO RIVERA\/VOCESVER.COM\/NOTICIASBoca del R\u00edo, Ver.,<\/p>\n","protected":false},"author":2,"featured_media":43621,"comment_status":"open","ping_status":"open","sticky":false,"template":"","format":"standard","meta":{"colormag_page_container_layout":"default_layout","colormag_page_sidebar_layout":"default_layout","footnotes":""},"categories":[2],"tags":[],"class_list":["post-43613","post","type-post","status-publish","format-standard","has-post-thumbnail","hentry","category-infogral"],"_links":{"self":[{"href":"http:\/\/vocesver.com\/noticias\/wp-json\/wp\/v2\/posts\/43613","targetHints":{"allow":["GET"]}}],"collection":[{"href":"http:\/\/vocesver.com\/noticias\/wp-json\/wp\/v2\/posts"}],"about":[{"href":"http:\/\/vocesver.com\/noticias\/wp-json\/wp\/v2\/types\/post"}],"author":[{"embeddable":true,"href":"http:\/\/vocesver.com\/noticias\/wp-json\/wp\/v2\/users\/2"}],"replies":[{"embeddable":true,"href":"http:\/\/vocesver.com\/noticias\/wp-json\/wp\/v2\/comments?post=43613"}],"version-history":[{"count":3,"href":"http:\/\/vocesver.com\/noticias\/wp-json\/wp\/v2\/posts\/43613\/revisions"}],"predecessor-version":[{"id":43620,"href":"http:\/\/vocesver.com\/noticias\/wp-json\/wp\/v2\/posts\/43613\/revisions\/43620"}],"wp:featuredmedia":[{"embeddable":true,"href":"http:\/\/vocesver.com\/noticias\/wp-json\/wp\/v2\/media\/43621"}],"wp:attachment":[{"href":"http:\/\/vocesver.com\/noticias\/wp-json\/wp\/v2\/media?parent=43613"}],"wp:term":[{"taxonomy":"category","embeddable":true,"href":"http:\/\/vocesver.com\/noticias\/wp-json\/wp\/v2\/categories?post=43613"},{"taxonomy":"post_tag","embeddable":true,"href":"http:\/\/vocesver.com\/noticias\/wp-json\/wp\/v2\/tags?post=43613"}],"curies":[{"name":"wp","href":"https:\/\/api.w.org\/{rel}","templated":true}]}}