{"id":43601,"date":"2024-06-27T21:34:42","date_gmt":"2024-06-27T21:34:42","guid":{"rendered":"http:\/\/vocesver.com\/noticias\/?p=43601"},"modified":"2024-06-27T21:36:11","modified_gmt":"2024-06-27T21:36:11","slug":"lima-franco-continuara-en-sefiplan-rosaldo-garcia-subsecretario-de-egresos-anuncia-nahle","status":"publish","type":"post","link":"http:\/\/vocesver.com\/noticias\/lima-franco-continuara-en-sefiplan-rosaldo-garcia-subsecretario-de-egresos-anuncia-nahle\/","title":{"rendered":"LIMA FRANCO CONTINUAR\u00c1 EN SEFIPLAN; ROSALDO GARC\u00cdA SUBSECRETARIO DE EGRESOS ANUNCIA NAHLE"},"content":{"rendered":"\n<p>&gt;Por su buen desempe\u00f1o, Jos\u00e9 Luis Lima Franco repetir\u00e1 en la titularidad de la SEFIPLAN.<br>&gt;Pedro Miguel Rosaldo Garc\u00eda, encabezar\u00e1 la Subsecretar\u00eda de Egresos.<br>&gt;Lima Franco es de Poza Rica y Rosaldo Garc\u00eda de Coatzacoalcos.<br><br><br>AUSENCIO RIVERA\/VOCESVER.COM\/NOTICIAS<br><br>Boca del R\u00edo, Ver., mi\u00e9rcoles 26 de junio de 2024.- Jos\u00e9 Luis Lima Franco repetir\u00e1 como Secretario de Finanzas y Planeaci\u00f3n del Estado por su impecable desempe\u00f1o y ser\u00e1 acompa\u00f1ado en la Subsecretar\u00eda de Egresos por Pedro Miguel Rosaldo Garc\u00eda, anunci\u00f3 la gobernadora electa de Veracruz, Roc\u00edo Nahle.<br><br>Ambos con grado de doctorado, experiencia y egresados de instituciones internacionales, acompa\u00f1ar\u00e1n en la administraci\u00f3n de las finanzas p\u00fablicas a la primera mujer gobernadora del estado.<br><br>Jos\u00e9 Luis Lima Franco, naci\u00f3 en la ciudad de Poza Rica, es egresado de la Licenciatura en Econom\u00eda por la Universidad Veracruzana, campus Xalapa y maestro en Finanzas por la Universidad Nacional Aut\u00f3noma de M\u00e9xico (UNAM) con especialidad en Econom\u00eda Monetaria y Financiera.<br><br>En 2023, obtuvo el grado de Doctor en Ciencias Econ\u00f3micas y Empresariales por la<br>Universida de Xalapa y como parte de su formaci\u00f3n acad\u00e9mica sobresale una estancia de investigaci\u00f3n de maestr\u00eda en la Universidad Friedrich Alexander de N\u00faremberg, Alemania.<br><br>Actualmente es miembro del Colegio Nacional de Economistas y desde hace 15 a\u00f1os se desempe\u00f1a como servidor p\u00fablico a nivel estatal y federal.<br><br> Asimismo, ha sido auditor y asesor en temas financieros y presupuestales en la iniciativa privada y colaborado con prestigiosos despachos de consultor\u00eda en temas de financiamiento p\u00fablico am\u00e9n de participar en publicaciones como \u201cEl Financiamiento otorgado al Sector Privado\u201d y \u201cEl Papel de las Cajas de Ahorro en M\u00e9xico y Alemania.\u201d<br><br>En tanto, Pedro Miguel Rosaldo Garc\u00eda, pr\u00f3ximo Subsecretario de Egresos de Sefiplan, es Licenciado en Derecho por la Universidad Tecnol\u00f3gica de Xalapa y Licenciado en Mercadotecnia en el Instituto Tecnol\u00f3gico y de Estudios Superiores Monterrey (ITESM) campus Quer\u00e9taro adem\u00e1s de Master en Finanzas por la Universidad Aut\u00f3noma de Barcelona.<br><br>Cuenta con una especialidad en Direcci\u00f3n Financiera por University of Chicago y otra m\u00e1s en AD-2 IPADE Business School as\u00ed como con diferentes cursos y diplomados adscritos a la SFP sobre temas geopol\u00edticos y presupuestarios.<br><br>Es Doctor en Administraci\u00f3n P\u00fablica en el Instituto Nacional de Administraci\u00f3n P\u00fablica (INAP)y en su haber acad\u00e9mico resaltan intercambios con la Northwestern University, la Pontificia Universidad Cat\u00f3lica de Chile y con la Escuela Internacional de Cine y Televisi\u00f3n de Cuba.<br><br>Funge actualmente como director general de investigaci\u00f3n, desarrollo tecnol\u00f3gico y formaci\u00f3n de recursos humanos y titular de los fondos presididos por la Secretar\u00eda de Energ\u00eda (SENER) y a nivel estatal se desempe\u00f1\u00f3 como Delegado de Secretar\u00eda de Gobierno en el sur de Veracruz.<br><br><br><br><br><br><br><br><br><br><br><br><br><br><br><br><br><br><br><br><br><br><\/p>\n","protected":false},"excerpt":{"rendered":"<p>&gt;Por su buen desempe\u00f1o, Jos\u00e9 Luis Lima Franco repetir\u00e1 en la titularidad de la SEFIPLAN.&gt;Pedro Miguel Rosaldo Garc\u00eda, encabezar\u00e1 la<\/p>\n","protected":false},"author":2,"featured_media":43609,"comment_status":"open","ping_status":"open","sticky":false,"template":"","format":"standard","meta":{"colormag_page_container_layout":"default_layout","colormag_page_sidebar_layout":"default_layout","footnotes":""},"categories":[2],"tags":[],"class_list":["post-43601","post","type-post","status-publish","format-standard","has-post-thumbnail","hentry","category-infogral"],"_links":{"self":[{"href":"http:\/\/vocesver.com\/noticias\/wp-json\/wp\/v2\/posts\/43601","targetHints":{"allow":["GET"]}}],"collection":[{"href":"http:\/\/vocesver.com\/noticias\/wp-json\/wp\/v2\/posts"}],"about":[{"href":"http:\/\/vocesver.com\/noticias\/wp-json\/wp\/v2\/types\/post"}],"author":[{"embeddable":true,"href":"http:\/\/vocesver.com\/noticias\/wp-json\/wp\/v2\/users\/2"}],"replies":[{"embeddable":true,"href":"http:\/\/vocesver.com\/noticias\/wp-json\/wp\/v2\/comments?post=43601"}],"version-history":[{"count":3,"href":"http:\/\/vocesver.com\/noticias\/wp-json\/wp\/v2\/posts\/43601\/revisions"}],"predecessor-version":[{"id":43611,"href":"http:\/\/vocesver.com\/noticias\/wp-json\/wp\/v2\/posts\/43601\/revisions\/43611"}],"wp:featuredmedia":[{"embeddable":true,"href":"http:\/\/vocesver.com\/noticias\/wp-json\/wp\/v2\/media\/43609"}],"wp:attachment":[{"href":"http:\/\/vocesver.com\/noticias\/wp-json\/wp\/v2\/media?parent=43601"}],"wp:term":[{"taxonomy":"category","embeddable":true,"href":"http:\/\/vocesver.com\/noticias\/wp-json\/wp\/v2\/categories?post=43601"},{"taxonomy":"post_tag","embeddable":true,"href":"http:\/\/vocesver.com\/noticias\/wp-json\/wp\/v2\/tags?post=43601"}],"curies":[{"name":"wp","href":"https:\/\/api.w.org\/{rel}","templated":true}]}}