{"id":43595,"date":"2024-06-27T21:18:35","date_gmt":"2024-06-27T21:18:35","guid":{"rendered":"http:\/\/vocesver.com\/noticias\/?p=43595"},"modified":"2024-06-27T21:24:07","modified_gmt":"2024-06-27T21:24:07","slug":"mld-logra-reinstalacion-definitiva-de-58-trabajadores-despedidos-injustificadamente","status":"publish","type":"post","link":"http:\/\/vocesver.com\/noticias\/mld-logra-reinstalacion-definitiva-de-58-trabajadores-despedidos-injustificadamente\/","title":{"rendered":"MLD LOGRA REINSTALACI\u00d3N DEFINITIVA DE 58 TRABAJADORES DESPEDIDOS INJUSTIFICADAMENTE."},"content":{"rendered":"\n<p>Esto tras ganar el laudo del expedientes 267 y los tres amparos presentados.<\/p>\n\n\n\n<p>Adem\u00e1s se condena a Ternaris Tamsa al pago de todos sus derechos laborales.<\/p>\n\n\n\n<p>AUSENCIO RIVERA\/VOCESVER.COM\/NOTICIAS<br><br>Veracruz;Ver.- a 27 de Junio 2024.- El presidente del Movimiento Libertad por la Democracia(MLD) enTenaris Tamsa Jos\u00e9 Carlos Guevara Moreno  conocido en el gremio tubero como \u00bb El Profe\u00bb dio a conocer que tras varios a\u00f1os de ardua lucha en tribunales laborales de la Ciudad de M\u00e9xico se ordeno la reinstalaci\u00f3n definitiva de 58 trabajadores que hab\u00edan sido despedidos de manera injustificada por la empresa en contubernio con directivos del sindicato. Adem\u00e1s se conden\u00f3 a la empresa Ternaris Tamsa el pago de todos sus derechos laborales que les corresponde tras varios a\u00f1os de estar fuera de la empresa,<br>Indic\u00f3 que de acuerdo al fallo se declara cumplida la sentencia  en su totalidad del expediente 267 y en donde se encuentran los amparos 1117,1118 y 1119 mismo que fueron ganados por el Movimiento Libertas Por la Democracia.<br><br><br>COMUNICADO DE JOS\u00c9 CARLOS GUEVARA A TRABAJADORES:<br><br>A todos los trabajadores sindicalizados de tenaris tamsa, en el siguiente audio video el Ing Jos\u00e9 Carlos Guevara Moreno \u00abEL PROFE\u00bb el leg\u00edtimo y aut\u00e9ntico secretario general de tamsa, nos informa de manera clara y precisa, c\u00f3mo se logr\u00f3 el \u00e9xito en el amparo en contra del despido injustificado de los trabajadores sindicalizados, ( Pese a  la negativa de espurios tanto funcionarios de la empresa como el espurio mayor de que nunca ni uno iba a pisar la empresa tamsa) promesa que se les hizo se ha cumplido, se ha logrado El amparo y protecci\u00f3n de la justicia federal en contra de los compa\u00f1eros trabajadores obreros, d\u00f3nde a parte de su reinstalaci\u00f3n definitiva, la empresa tendr\u00e1 que pagar todos los salarios que a derecho les corresponde,              d\u00f3nde cada uno de ellos tiene la certeza y la satisfacci\u00f3n de que sus esfuerzos, sus luchas, sus sacrificios han rendido \u00e9xito, no solo para ellos y su familia, sino para como ejemplo de todos los trabajadores que se encuentran dentro de la empresa tamsa, por eso se reitera el asunto colectivo est\u00e1 en puerta, no tarda en salir la resoluci\u00f3n donde pondr\u00e1 fin al asunto sindical, donde el profe tomar\u00e1 las riendas de nuestro sindicato y ser\u00e1 \u00e9l quien dirija los destinos de nuestro glorioso sindicato el SNUP.<br><br><br><br><br><br><br><br><br><br><br><br><br><br><br><br><br><br><br><br><br><br><br><br><\/p>\n","protected":false},"excerpt":{"rendered":"<p>Esto tras ganar el laudo del expedientes 267 y los tres amparos presentados. Adem\u00e1s se condena a Ternaris Tamsa al<\/p>\n","protected":false},"author":2,"featured_media":43605,"comment_status":"open","ping_status":"open","sticky":false,"template":"","format":"standard","meta":{"colormag_page_container_layout":"default_layout","colormag_page_sidebar_layout":"default_layout","footnotes":""},"categories":[2],"tags":[],"class_list":["post-43595","post","type-post","status-publish","format-standard","has-post-thumbnail","hentry","category-infogral"],"_links":{"self":[{"href":"http:\/\/vocesver.com\/noticias\/wp-json\/wp\/v2\/posts\/43595","targetHints":{"allow":["GET"]}}],"collection":[{"href":"http:\/\/vocesver.com\/noticias\/wp-json\/wp\/v2\/posts"}],"about":[{"href":"http:\/\/vocesver.com\/noticias\/wp-json\/wp\/v2\/types\/post"}],"author":[{"embeddable":true,"href":"http:\/\/vocesver.com\/noticias\/wp-json\/wp\/v2\/users\/2"}],"replies":[{"embeddable":true,"href":"http:\/\/vocesver.com\/noticias\/wp-json\/wp\/v2\/comments?post=43595"}],"version-history":[{"count":3,"href":"http:\/\/vocesver.com\/noticias\/wp-json\/wp\/v2\/posts\/43595\/revisions"}],"predecessor-version":[{"id":43604,"href":"http:\/\/vocesver.com\/noticias\/wp-json\/wp\/v2\/posts\/43595\/revisions\/43604"}],"wp:featuredmedia":[{"embeddable":true,"href":"http:\/\/vocesver.com\/noticias\/wp-json\/wp\/v2\/media\/43605"}],"wp:attachment":[{"href":"http:\/\/vocesver.com\/noticias\/wp-json\/wp\/v2\/media?parent=43595"}],"wp:term":[{"taxonomy":"category","embeddable":true,"href":"http:\/\/vocesver.com\/noticias\/wp-json\/wp\/v2\/categories?post=43595"},{"taxonomy":"post_tag","embeddable":true,"href":"http:\/\/vocesver.com\/noticias\/wp-json\/wp\/v2\/tags?post=43595"}],"curies":[{"name":"wp","href":"https:\/\/api.w.org\/{rel}","templated":true}]}}