{"id":43589,"date":"2024-06-26T22:17:26","date_gmt":"2024-06-26T22:17:26","guid":{"rendered":"http:\/\/vocesver.com\/noticias\/?p=43589"},"modified":"2024-06-26T22:43:29","modified_gmt":"2024-06-26T22:43:29","slug":"lluvia-de-reconocimientos-a-marinos-mercantes-en-el-dia-de-la-gente-de-mar-en-veraruz","status":"publish","type":"post","link":"http:\/\/vocesver.com\/noticias\/lluvia-de-reconocimientos-a-marinos-mercantes-en-el-dia-de-la-gente-de-mar-en-veraruz\/","title":{"rendered":"NUMEROSOS RECONOCIMIENTOS A MARINOS MERCANTES EN EL D\u00cdA DE LA GENTE DE MAR EN VERARUZ."},"content":{"rendered":"\n<p>El Capit\u00e1n V\u00edctor Mart\u00ednez y  el Radio Operador Emiliano Antonio Novello presidieron el magno evento.<\/p>\n\n\n\n<p><\/p>\n\n\n\n<p>AUSENCIO RIVERA\/VOCESVER.COM\/NOTICIAS<\/p>\n\n\n\n<p>Veracruz, Ver.. A 25 de Junio 2024.. Con una rica comida y la entrega de 31 reconocimientos a Marinos Mercantes por destacada trayectoria de navegaci\u00f3n a lo largo de su vida, este martes el Consejo Veracruzano de Bienestar para la Gente de Mar y las agrupaciones de marinos mercantes celebraron un aniversario m\u00e1s del D\u00eda Internacional de la Gente de Mar en el Puerto de Veracruz.<\/p>\n\n\n\n<p> El evento se llev\u00f3 a cabo a la 1:30 horas en un Sal\u00f3n del Hotel Mar y Tierra ubicado al final del Malec\u00f3n de esta Ciudad.<br>La celebraci\u00f3n estuvo presidida por el Capit\u00e1n V\u00edctor Mart\u00ednez Rodr\u00edguez Vicepresidente del Consejo Veracruzano de Bienestar para la Gente de Mar y el Radio Operador Emiliano Antonio Novello Ampuche. <\/p>\n\n\n\n<p>En el acto estuvieron presentes el I.M:N Enrique O. Pacheco Georges secretario general de la Asociaci\u00f3n Sindical de Oficiales de M\u00e1quinas de la Marina mercante Nacional(ASOMMMN),autoridades de la Escuela N\u00e1utica de Veracruz, dirigentes sindicales y  autoridadesPortuarias, as\u00ed como  reconocidos marinos mercantes que han puesto muy en alto el nombre de Veracruz.<br>Luego de la entrega de los reconocimientos se present\u00f3 un grupo musical que alegr\u00f3 el ambiente y hasta provoco que los galardonados y p\u00fablico en general sacudieran la polilla al ritmo de m\u00fasica alegre y del momento. <br><br><br><br><br><br><br><br><br><br><br><br><br><br><br><br><br><br><br><br><br><br><br><br><\/p>\n","protected":false},"excerpt":{"rendered":"<p>El Capit\u00e1n V\u00edctor Mart\u00ednez y el Radio Operador Emiliano Antonio Novello presidieron el magno evento. AUSENCIO RIVERA\/VOCESVER.COM\/NOTICIAS Veracruz, Ver.. A<\/p>\n","protected":false},"author":2,"featured_media":43597,"comment_status":"open","ping_status":"open","sticky":false,"template":"","format":"standard","meta":{"colormag_page_container_layout":"default_layout","colormag_page_sidebar_layout":"default_layout","footnotes":""},"categories":[2],"tags":[],"class_list":["post-43589","post","type-post","status-publish","format-standard","has-post-thumbnail","hentry","category-infogral"],"_links":{"self":[{"href":"http:\/\/vocesver.com\/noticias\/wp-json\/wp\/v2\/posts\/43589","targetHints":{"allow":["GET"]}}],"collection":[{"href":"http:\/\/vocesver.com\/noticias\/wp-json\/wp\/v2\/posts"}],"about":[{"href":"http:\/\/vocesver.com\/noticias\/wp-json\/wp\/v2\/types\/post"}],"author":[{"embeddable":true,"href":"http:\/\/vocesver.com\/noticias\/wp-json\/wp\/v2\/users\/2"}],"replies":[{"embeddable":true,"href":"http:\/\/vocesver.com\/noticias\/wp-json\/wp\/v2\/comments?post=43589"}],"version-history":[{"count":3,"href":"http:\/\/vocesver.com\/noticias\/wp-json\/wp\/v2\/posts\/43589\/revisions"}],"predecessor-version":[{"id":43599,"href":"http:\/\/vocesver.com\/noticias\/wp-json\/wp\/v2\/posts\/43589\/revisions\/43599"}],"wp:featuredmedia":[{"embeddable":true,"href":"http:\/\/vocesver.com\/noticias\/wp-json\/wp\/v2\/media\/43597"}],"wp:attachment":[{"href":"http:\/\/vocesver.com\/noticias\/wp-json\/wp\/v2\/media?parent=43589"}],"wp:term":[{"taxonomy":"category","embeddable":true,"href":"http:\/\/vocesver.com\/noticias\/wp-json\/wp\/v2\/categories?post=43589"},{"taxonomy":"post_tag","embeddable":true,"href":"http:\/\/vocesver.com\/noticias\/wp-json\/wp\/v2\/tags?post=43589"}],"curies":[{"name":"wp","href":"https:\/\/api.w.org\/{rel}","templated":true}]}}