{"id":43576,"date":"2024-06-24T22:41:12","date_gmt":"2024-06-24T22:41:12","guid":{"rendered":"http:\/\/vocesver.com\/noticias\/?p=43576"},"modified":"2024-06-24T22:51:58","modified_gmt":"2024-06-24T22:51:58","slug":"manana-se-conmemoran-el-dia-de-la-gente-de-mar-en-veraruz","status":"publish","type":"post","link":"http:\/\/vocesver.com\/noticias\/manana-se-conmemoran-el-dia-de-la-gente-de-mar-en-veraruz\/","title":{"rendered":"MA\u00d1ANA SE CONMEMORAN EL D\u00cdA DE LA GENTE DE MAR EN VERARUZ."},"content":{"rendered":"\n<p>Esta foto corresponde a la celebrac\u00ed\u00f3n del D\u00eda de la Gente de Mar en el 2019. Foto Arhivo- Ausencio RIVERA.<\/p>\n\n\n\n<p><\/p>\n\n\n\n<p>El evento inicia a las 10 de la ma\u00f1ana en la N\u00e1utica de Veracruz.<\/p>\n\n\n\n<p>El mensaje a los marinos mercantes correr\u00e1 a cargo del I.M.N. Enrique O.Pacheco Georges secretario general de la ASOMMMN.<br>AUSENCIO RIVERA\/VOCESVER.COM\/NOTICIAS<br><br><br>Veracruz,Ver. a 24 de Junio 2024.- Ma\u00f1ana se conmemora el D\u00eda Internacional de la Gente de Mar, por lo que el Centro Veracruzano de Bienestar de la Gente de Mar A.. y las  Agrupaciones del Sector Mar\u00edtimo  Mercante  invita al p\u00fablico en general a que asistan al evento conmemorativo del D\u00eda de la Gente de Mar.<\/p>\n\n\n\n<p>De acuerdo la Organizaci\u00f3n Mar\u00edtima Internacional(OMI) este d\u00eda se comemora cada 25 de junio de cada a\u00f1o, esto en reconocimiento a la aportaci\u00f3n que realiza la Gente de Mar de todo el mundo en la econom\u00eda mundial y la sociedad civil en su conjunto  y alienta a los gobiernos,,organizaciones y compa\u00f1\u00edas navieras a  celebrar como se merece los marinos mercantes de todo el mundo,<\/p>\n\n\n\n<p>En base al programa, la conmemoraci\u00f3n inicia a la 10 de la ma\u00f1ana en la Escuela N\u00e1utica Mercante de Veracruz abierta al p\u00fablico en general con la ceremonia de Honores a la Bandera Nacional.<\/p>\n\n\n\n<p>Dep\u00f3sto de ofrenda floral en Honor a los Marinos Mercantes ca\u00eddos en el cumplimiento de su deber. <\/p>\n\n\n\n<p>Presentaci\u00f3n de invitados de honor en el presidium<\/p>\n\n\n\n<p>Lectura del Mensaje del Secretario General de la O.M.I.<\/p>\n\n\n\n<p>Mensaje a los Marinos Mercantes por conducto del Secretario General de la ASOMMMN I.M.N .Enrique O. Pacheco Georges.<\/p>\n\n\n\n<p><br>De 12 a 13:OO hras, Misa Solemne en la Parroquia Stella Mari.<\/p>\n\n\n\n<p>A las 13;30 horas se  ofrece una comido en conocido Sal\u00f3n del Hotel Mar y Tierra.<\/p>\n\n\n\n<p>Presentaci\u00f3n de Invitados de honor.<\/p>\n\n\n\n<p>Palabras de bienvenida.<\/p>\n\n\n\n<p>Palabras alusivas al reconocimiento y celebrabraci\u00f3n a nivel internacional del D\u00eda de la Gente de Mar a cargo del Radio Operador Emiliano Antonio Novello Alpuce.<\/p>\n\n\n\n<p>Entrega de reconocimientos a Marinos Mercantes  por su trayectoria de navegaci\u00f3n a lo largo de sus vidas. <br><br>14;30  horas  Bendici\u00f3n de los alimentos por Monse\u00f1or Carlos Brise\u00f1o Arch.<br><br><br><br><br><br><br><br><br><br><br><br><br><br><br><br><br><br><br><br><br><br><br><br><br><br><br><br><br><br><br><br><br><br><\/p>\n","protected":false},"excerpt":{"rendered":"<p>Esta foto corresponde a la celebrac\u00ed\u00f3n del D\u00eda de la Gente de Mar en el 2019. Foto Arhivo- Ausencio RIVERA.<\/p>\n","protected":false},"author":2,"featured_media":43587,"comment_status":"open","ping_status":"open","sticky":false,"template":"","format":"standard","meta":{"colormag_page_container_layout":"default_layout","colormag_page_sidebar_layout":"default_layout","footnotes":""},"categories":[2],"tags":[],"class_list":["post-43576","post","type-post","status-publish","format-standard","has-post-thumbnail","hentry","category-infogral"],"_links":{"self":[{"href":"http:\/\/vocesver.com\/noticias\/wp-json\/wp\/v2\/posts\/43576","targetHints":{"allow":["GET"]}}],"collection":[{"href":"http:\/\/vocesver.com\/noticias\/wp-json\/wp\/v2\/posts"}],"about":[{"href":"http:\/\/vocesver.com\/noticias\/wp-json\/wp\/v2\/types\/post"}],"author":[{"embeddable":true,"href":"http:\/\/vocesver.com\/noticias\/wp-json\/wp\/v2\/users\/2"}],"replies":[{"embeddable":true,"href":"http:\/\/vocesver.com\/noticias\/wp-json\/wp\/v2\/comments?post=43576"}],"version-history":[{"count":4,"href":"http:\/\/vocesver.com\/noticias\/wp-json\/wp\/v2\/posts\/43576\/revisions"}],"predecessor-version":[{"id":43586,"href":"http:\/\/vocesver.com\/noticias\/wp-json\/wp\/v2\/posts\/43576\/revisions\/43586"}],"wp:featuredmedia":[{"embeddable":true,"href":"http:\/\/vocesver.com\/noticias\/wp-json\/wp\/v2\/media\/43587"}],"wp:attachment":[{"href":"http:\/\/vocesver.com\/noticias\/wp-json\/wp\/v2\/media?parent=43576"}],"wp:term":[{"taxonomy":"category","embeddable":true,"href":"http:\/\/vocesver.com\/noticias\/wp-json\/wp\/v2\/categories?post=43576"},{"taxonomy":"post_tag","embeddable":true,"href":"http:\/\/vocesver.com\/noticias\/wp-json\/wp\/v2\/tags?post=43576"}],"curies":[{"name":"wp","href":"https:\/\/api.w.org\/{rel}","templated":true}]}}