{"id":43568,"date":"2024-06-23T20:39:02","date_gmt":"2024-06-23T20:39:02","guid":{"rendered":"http:\/\/vocesver.com\/noticias\/?p=43568"},"modified":"2024-06-23T20:42:23","modified_gmt":"2024-06-23T20:42:23","slug":"dia-de-la-gente-de-mar-25-de-junio-de-2024","status":"publish","type":"post","link":"http:\/\/vocesver.com\/noticias\/dia-de-la-gente-de-mar-25-de-junio-de-2024\/","title":{"rendered":"D\u00eda de la Gente de Mar 25 de junio de 2024."},"content":{"rendered":"\n<p>AUSENCIO RIVERA\/VOCESVER.COM\/NOTICIAS<br><br><br>Veracruz;Ver,.a 23 de Junio 2024.- El Centro Veracruzano de Bienestar para la Gente de Mar, A. C.<br>y las Agrupaciones del sector Maritimo Mercante hacen una atenta invitaci\u00f3n a la ciudadan\u00eda veracruzana para que asistan al evento conmemorativo del<br>D\u00eda de la Gente de Mar-<br>La Organizaci\u00f3n Mar\u00edtima Internacional (OMI) en reconocimiento a la aportaci\u00f3n \u00fanica que realiza la Gente de Mar de<br>todo el mundo al Comercio Mar\u00edtimo Internacional, la econom\u00eda mundial y la sociedad civil en su conjunto y alienta a los<br>gobiernos organizaciones y compa\u00f1\u00edas navieras a celebrar como se merecen los marinos mercantes de todo el mundo.<br>(Resoluci\u00f3n 19) conferencia de Manila 2010:<br>Declara el 25 de junio de cada a\u00f1o \u201cD\u00eda de la Gente de Mar\u201d<br><br>PROGRAMA DE EVENTO CONMEMORATIVO<br>10:00 ESCUELA NAUTICA MERCANTE DE VERACRUZ ABIERTO AL PUBLICO EN GENERAL.<br>\u2022 Ceremonia de honores a la Bandera Nacional.<br>\u2022 Dep\u00f3sito de ofrenda floral en honor a los Marinos Mercantes Ca\u00eddos en cumplimiento de su deber.<br>\u2022 Presentaci\u00f3n de invitados de honor en el pres\u00eddium.<br>\u2022 Lectura de mensaje del Secretario General de la O. M. I.<br>\u2022 Mensaje a los Marinos Mercantes por conducto del Secretario General de ASOMMN.<br>\u2022 NOTA: Vestimenta Oficiales uniforme Internacional, personal civil vestimenta formal colores claros.<br>12:00-13:00 Misa solemne en la Parroquia Stella Maris.<br>13:30 comida, Sal\u00f3n del Hotel MAR Y TIERRA ubicado al final del malec\u00f3n, Acceso con boleto controlado<br>\u2022 Presentaci\u00f3n de invitados de honor.<br>\u2022 Palabras de Bienvenida.<br>\u2022 Palabras alusivas al reconocimiento y celebraci\u00f3n a nivel Internacional del D\u00eda de la Gente de Mar por<br>el Radio Operador Emiliano Antonio Novelo Alpuche.<br>\u2022 Entrega de reconocimientos a Marinos Mercantes por su trayectoriade navegantes a lo largo de sus<br>vidas.<br>14:30 Bendici\u00f3n de los alimentos por Monse\u00f1or Carlos Brise\u00f1o Arch.<br><br><br><br><br><br><br><br><br><br><br><br><br><br><br><br><br><br><br><br><br><br><br><br><br><\/p>\n","protected":false},"excerpt":{"rendered":"<p>AUSENCIO RIVERA\/VOCESVER.COM\/NOTICIAS Veracruz;Ver,.a 23 de Junio 2024.- El Centro Veracruzano de Bienestar para la Gente de Mar, A. C.y las<\/p>\n","protected":false},"author":2,"featured_media":43574,"comment_status":"open","ping_status":"open","sticky":false,"template":"","format":"standard","meta":{"colormag_page_container_layout":"default_layout","colormag_page_sidebar_layout":"default_layout","footnotes":""},"categories":[2],"tags":[],"class_list":["post-43568","post","type-post","status-publish","format-standard","has-post-thumbnail","hentry","category-infogral"],"_links":{"self":[{"href":"http:\/\/vocesver.com\/noticias\/wp-json\/wp\/v2\/posts\/43568","targetHints":{"allow":["GET"]}}],"collection":[{"href":"http:\/\/vocesver.com\/noticias\/wp-json\/wp\/v2\/posts"}],"about":[{"href":"http:\/\/vocesver.com\/noticias\/wp-json\/wp\/v2\/types\/post"}],"author":[{"embeddable":true,"href":"http:\/\/vocesver.com\/noticias\/wp-json\/wp\/v2\/users\/2"}],"replies":[{"embeddable":true,"href":"http:\/\/vocesver.com\/noticias\/wp-json\/wp\/v2\/comments?post=43568"}],"version-history":[{"count":2,"href":"http:\/\/vocesver.com\/noticias\/wp-json\/wp\/v2\/posts\/43568\/revisions"}],"predecessor-version":[{"id":43573,"href":"http:\/\/vocesver.com\/noticias\/wp-json\/wp\/v2\/posts\/43568\/revisions\/43573"}],"wp:featuredmedia":[{"embeddable":true,"href":"http:\/\/vocesver.com\/noticias\/wp-json\/wp\/v2\/media\/43574"}],"wp:attachment":[{"href":"http:\/\/vocesver.com\/noticias\/wp-json\/wp\/v2\/media?parent=43568"}],"wp:term":[{"taxonomy":"category","embeddable":true,"href":"http:\/\/vocesver.com\/noticias\/wp-json\/wp\/v2\/categories?post=43568"},{"taxonomy":"post_tag","embeddable":true,"href":"http:\/\/vocesver.com\/noticias\/wp-json\/wp\/v2\/tags?post=43568"}],"curies":[{"name":"wp","href":"https:\/\/api.w.org\/{rel}","templated":true}]}}