{"id":43535,"date":"2024-06-19T22:35:34","date_gmt":"2024-06-19T22:35:34","guid":{"rendered":"http:\/\/vocesver.com\/noticias\/?p=43535"},"modified":"2024-06-19T22:37:03","modified_gmt":"2024-06-19T22:37:03","slug":"plaza-de-la-marina-mercante-en-veracruz-acusa-abandono-y-danos","status":"publish","type":"post","link":"http:\/\/vocesver.com\/noticias\/plaza-de-la-marina-mercante-en-veracruz-acusa-abandono-y-danos\/","title":{"rendered":"Plaza de la marina mercante en Veracruz acusa abandono y da\u00f1os."},"content":{"rendered":"\n<p>AUSENCIO RIVERA\/VOCESVER.COM\/NOTICIAS<br><br>Veracruz, Ver.. A 19 de Junio 2024..A unos d\u00edas de que se celebre en el Puerto de Veracruz el D\u00eda Internacional de la Gente de Mar, la Plaza de la Marina Mercante luce descuidada por las autoridades responsables. <br>Incluso en un recorrido realizado por el equipo iformatoio de Voeser.com\/noticias se pudo constatar que existen algunas partes que presentan da\u00f1os y deterioro consecuencia del abandono que \u00e9sta presenta.<br> La celebraci\u00f3n del D\u00eda Internacional de la Gente de Mar se festeja este 25 de Junio. precisamente en a\u00f1os anteriores aqu\u00ed se han realizada las ceremonias por parte de los marinos mercantes para celebrar esta importante fecha.<br>Se espera que este a\u00f1o no sea la exepci\u00f3n, por cierto los organizdores aun no termina de realizar el programa correspondiente, se espera que en pr\u00f3ximos d\u00edas ya se est\u00e9 dando a  conocer a la prensa. <br><br><br><br><br><br><br><br><br><br><br><br><br><br><br><br><br><br><br><br><br><br><br><br><br><\/p>\n","protected":false},"excerpt":{"rendered":"<p>AUSENCIO RIVERA\/VOCESVER.COM\/NOTICIAS Veracruz, Ver.. A 19 de Junio 2024..A unos d\u00edas de que se celebre en el Puerto de Veracruz<\/p>\n","protected":false},"author":2,"featured_media":43542,"comment_status":"open","ping_status":"open","sticky":false,"template":"","format":"standard","meta":{"colormag_page_container_layout":"default_layout","colormag_page_sidebar_layout":"default_layout","footnotes":""},"categories":[2],"tags":[],"class_list":["post-43535","post","type-post","status-publish","format-standard","has-post-thumbnail","hentry","category-infogral"],"_links":{"self":[{"href":"http:\/\/vocesver.com\/noticias\/wp-json\/wp\/v2\/posts\/43535","targetHints":{"allow":["GET"]}}],"collection":[{"href":"http:\/\/vocesver.com\/noticias\/wp-json\/wp\/v2\/posts"}],"about":[{"href":"http:\/\/vocesver.com\/noticias\/wp-json\/wp\/v2\/types\/post"}],"author":[{"embeddable":true,"href":"http:\/\/vocesver.com\/noticias\/wp-json\/wp\/v2\/users\/2"}],"replies":[{"embeddable":true,"href":"http:\/\/vocesver.com\/noticias\/wp-json\/wp\/v2\/comments?post=43535"}],"version-history":[{"count":2,"href":"http:\/\/vocesver.com\/noticias\/wp-json\/wp\/v2\/posts\/43535\/revisions"}],"predecessor-version":[{"id":43540,"href":"http:\/\/vocesver.com\/noticias\/wp-json\/wp\/v2\/posts\/43535\/revisions\/43540"}],"wp:featuredmedia":[{"embeddable":true,"href":"http:\/\/vocesver.com\/noticias\/wp-json\/wp\/v2\/media\/43542"}],"wp:attachment":[{"href":"http:\/\/vocesver.com\/noticias\/wp-json\/wp\/v2\/media?parent=43535"}],"wp:term":[{"taxonomy":"category","embeddable":true,"href":"http:\/\/vocesver.com\/noticias\/wp-json\/wp\/v2\/categories?post=43535"},{"taxonomy":"post_tag","embeddable":true,"href":"http:\/\/vocesver.com\/noticias\/wp-json\/wp\/v2\/tags?post=43535"}],"curies":[{"name":"wp","href":"https:\/\/api.w.org\/{rel}","templated":true}]}}