{"id":43528,"date":"2024-06-18T21:52:34","date_gmt":"2024-06-18T21:52:34","guid":{"rendered":"http:\/\/vocesver.com\/noticias\/?p=43528"},"modified":"2024-06-19T22:59:08","modified_gmt":"2024-06-19T22:59:08","slug":"union-de-marineros-celebrara-su-110-aniversario-con-la-entrega-de-reconocimientos-a-trabajadores-de-mayor-anriguedadgalvan-aguilar","status":"publish","type":"post","link":"http:\/\/vocesver.com\/noticias\/union-de-marineros-celebrara-su-110-aniversario-con-la-entrega-de-reconocimientos-a-trabajadores-de-mayor-anriguedadgalvan-aguilar\/","title":{"rendered":"MARINEROS CELEBRARAN SU 110 ANIVERSARIO CON LA ENTREGA DE RECONOCIMIENTOS A TRABAJADORES DE MAYOR ANTIG\u00fcEDAD:GALVAN AGUILAR"},"content":{"rendered":"\n<p>AUSENCIO RIVERA\/VOCESVER.COM\/NOTICIAS<br><br>Veracruz,Ver..- A 19 de Junio del 2024.- El 110 aniversario de la fundaci\u00f3n de la Uni\u00f3n Nacional de Marineros del Puerto de Veracruz  se  celebrar\u00e1 con la entrega de reconocimientos a los a los trabajadores de mayor antig\u00fcedad. <br><br>Lo anterior lo inform\u00f3 Honorio A. Galv\u00e1n Aguilar actual secretario general de esta organizaci\u00f3n quien explic\u00f3 que el aniversario se cumple el 15 de febrero del pr\u00f3ximo a\u00f1o. <br><br>El dirigente sindical aclar\u00f3 que ese d\u00eda no solo se reconocer\u00e1 a trabajadores de esta organizaci\u00f3n sino a otros mas  que pertenecen al sector mar\u00edtimo. <br><br>Explic\u00f3 que debido a que los trabajadores han tenido mucho trabajo en este a\u00f1o no se pudo  celebrar esta importante fecha, sin embargo ya estamos haciendo planes para celebrar el 110 aniversario para el pr\u00f3ximo a\u00f1o donde tenemos contemplado reconocer a nuestros compa\u00f1eros de mayor antiguedad, pues estamos convencidos de que estos mere en nuestro respeto y total reconocimiento. <\/p>\n\n\n\n<p>Puntualiz\u00f3 que si celebrar\u00f3n el D\u00eda de la Marina Mercante Nacional lo hicieron para no pasar por alto esta importante fecha.<br><br>Finamente exhort\u00f3 a todos los trabajadores mar\u00edtimos a organizarse, sobre todo a que a busquen el apoyo de los sindicatos leg\u00edtimos para que mejoren sus condiciones laborales. Destac\u00f3 finalmente que en Veracruz existen tres sindicatos mar\u00edt\u00edmos que tienen las puertas abiertas para todo aquel trabajador que desee afilarses. Estos son la Orden Mexicana de Profesionales Mar\u00editimos y Portuaios, la Asocaci\u00f3n Sindical de Oficiales de M\u00e1quina de la Marina Mercante Nacional y la Uni\u00f3n Nacional de Marineros del Puerto de Veracruz.<br><br><br><br><br><br><br><br><br><br><br><br><br><br><br><br><br><br><br><br><br><br><\/p>\n","protected":false},"excerpt":{"rendered":"<p>AUSENCIO RIVERA\/VOCESVER.COM\/NOTICIAS Veracruz,Ver..- A 19 de Junio del 2024.- El 110 aniversario de la fundaci\u00f3n de la Uni\u00f3n Nacional de<\/p>\n","protected":false},"author":2,"featured_media":43537,"comment_status":"open","ping_status":"open","sticky":false,"template":"","format":"standard","meta":{"colormag_page_container_layout":"default_layout","colormag_page_sidebar_layout":"default_layout","footnotes":""},"categories":[2],"tags":[],"class_list":["post-43528","post","type-post","status-publish","format-standard","has-post-thumbnail","hentry","category-infogral"],"_links":{"self":[{"href":"http:\/\/vocesver.com\/noticias\/wp-json\/wp\/v2\/posts\/43528","targetHints":{"allow":["GET"]}}],"collection":[{"href":"http:\/\/vocesver.com\/noticias\/wp-json\/wp\/v2\/posts"}],"about":[{"href":"http:\/\/vocesver.com\/noticias\/wp-json\/wp\/v2\/types\/post"}],"author":[{"embeddable":true,"href":"http:\/\/vocesver.com\/noticias\/wp-json\/wp\/v2\/users\/2"}],"replies":[{"embeddable":true,"href":"http:\/\/vocesver.com\/noticias\/wp-json\/wp\/v2\/comments?post=43528"}],"version-history":[{"count":4,"href":"http:\/\/vocesver.com\/noticias\/wp-json\/wp\/v2\/posts\/43528\/revisions"}],"predecessor-version":[{"id":43550,"href":"http:\/\/vocesver.com\/noticias\/wp-json\/wp\/v2\/posts\/43528\/revisions\/43550"}],"wp:featuredmedia":[{"embeddable":true,"href":"http:\/\/vocesver.com\/noticias\/wp-json\/wp\/v2\/media\/43537"}],"wp:attachment":[{"href":"http:\/\/vocesver.com\/noticias\/wp-json\/wp\/v2\/media?parent=43528"}],"wp:term":[{"taxonomy":"category","embeddable":true,"href":"http:\/\/vocesver.com\/noticias\/wp-json\/wp\/v2\/categories?post=43528"},{"taxonomy":"post_tag","embeddable":true,"href":"http:\/\/vocesver.com\/noticias\/wp-json\/wp\/v2\/tags?post=43528"}],"curies":[{"name":"wp","href":"https:\/\/api.w.org\/{rel}","templated":true}]}}