{"id":43523,"date":"2024-06-17T21:19:20","date_gmt":"2024-06-17T21:19:20","guid":{"rendered":"http:\/\/vocesver.com\/noticias\/?p=43523"},"modified":"2024-06-17T21:28:40","modified_gmt":"2024-06-17T21:28:40","slug":"mrd-va-contra-los-abusos-del-grupo-mas","status":"publish","type":"post","link":"http:\/\/vocesver.com\/noticias\/mrd-va-contra-los-abusos-del-grupo-mas\/","title":{"rendered":"MRD VA CONTRA LOS ABUSOS DEL GRUPO MAS."},"content":{"rendered":"\n<p>Exigen qu\u00e9 cesen los abusos de esa empresa.<br>No descartan con la toma de instalaciones.<br>AUSENCIO RIVERA\/VOCESVER.COM\/NOTICIAS<br>Veracruz, Ver.. A 17 de Junio 2024&#8230;.Derivado de las m\u00faltiples quejas de la ciudadan\u00eda en contra de los abusos que comete el Grupo Mas  que van desde cobros indebidos, altas tarifas y cortes arbitrarios, el Presidente del Movimiento Renovador Democr\u00e1tico Marco Antonio Moncayo Parra anunci\u00f3 la ma\u00f1ana de este lunes una manifestaci\u00f3n de Protesta para este mi\u00e9rcoles frente a las oficinas de esa empresa que se ubica a un costado del Auditorio Benito Ju\u00e1rez.<br>Dijo que los afectados se encuentran muy molestos por tantos abusos de esa instituci\u00f3n que no cesan, al contrario van en aumento asever\u00f3.<\/p>\n\n\n\n<p>Acompa\u00f1ado del abogado Cinta Pagola y Cuaht\u00e9moc Osorio brazo derecho del MRD, el entrevistado no descart\u00f3 que al no ser atendidos de manera inmediata los reclamos de la poblaci\u00f3n que se ve afectada, no se descarta con la toma de esas instalaciones como medida de presi\u00f3n.<\/p>\n\n\n\n<p>La movilizaci\u00f3n de protesta inicia \u00e9ste mi\u00e9rcoles a las 9;30 de la ma\u00f1ana de ese d\u00eda para culminar con un plant\u00f3n en\u00e9rgico frente a las oficinas del Grupo Mas que se ubica a un costado de las instalaciones del Auditorio B.Ju\u00e1rez.<br><br><br><br><br><br><br><br><br><br><br><br><br><br><br><br><br><br><br><br><br><br><br><\/p>\n","protected":false},"excerpt":{"rendered":"<p>Exigen qu\u00e9 cesen los abusos de esa empresa.No descartan con la toma de instalaciones.AUSENCIO RIVERA\/VOCESVER.COM\/NOTICIASVeracruz, Ver.. A 17 de Junio<\/p>\n","protected":false},"author":2,"featured_media":43530,"comment_status":"open","ping_status":"open","sticky":false,"template":"","format":"standard","meta":{"colormag_page_container_layout":"default_layout","colormag_page_sidebar_layout":"default_layout","footnotes":""},"categories":[2],"tags":[],"class_list":["post-43523","post","type-post","status-publish","format-standard","has-post-thumbnail","hentry","category-infogral"],"_links":{"self":[{"href":"http:\/\/vocesver.com\/noticias\/wp-json\/wp\/v2\/posts\/43523","targetHints":{"allow":["GET"]}}],"collection":[{"href":"http:\/\/vocesver.com\/noticias\/wp-json\/wp\/v2\/posts"}],"about":[{"href":"http:\/\/vocesver.com\/noticias\/wp-json\/wp\/v2\/types\/post"}],"author":[{"embeddable":true,"href":"http:\/\/vocesver.com\/noticias\/wp-json\/wp\/v2\/users\/2"}],"replies":[{"embeddable":true,"href":"http:\/\/vocesver.com\/noticias\/wp-json\/wp\/v2\/comments?post=43523"}],"version-history":[{"count":3,"href":"http:\/\/vocesver.com\/noticias\/wp-json\/wp\/v2\/posts\/43523\/revisions"}],"predecessor-version":[{"id":43532,"href":"http:\/\/vocesver.com\/noticias\/wp-json\/wp\/v2\/posts\/43523\/revisions\/43532"}],"wp:featuredmedia":[{"embeddable":true,"href":"http:\/\/vocesver.com\/noticias\/wp-json\/wp\/v2\/media\/43530"}],"wp:attachment":[{"href":"http:\/\/vocesver.com\/noticias\/wp-json\/wp\/v2\/media?parent=43523"}],"wp:term":[{"taxonomy":"category","embeddable":true,"href":"http:\/\/vocesver.com\/noticias\/wp-json\/wp\/v2\/categories?post=43523"},{"taxonomy":"post_tag","embeddable":true,"href":"http:\/\/vocesver.com\/noticias\/wp-json\/wp\/v2\/tags?post=43523"}],"curies":[{"name":"wp","href":"https:\/\/api.w.org\/{rel}","templated":true}]}}