{"id":43519,"date":"2024-06-17T20:52:22","date_gmt":"2024-06-17T20:52:22","guid":{"rendered":"http:\/\/vocesver.com\/noticias\/?p=43519"},"modified":"2024-06-17T20:54:03","modified_gmt":"2024-06-17T20:54:03","slug":"exijo-se-apliquen-los-protocolos-de-acoso-y-hostigamiento","status":"publish","type":"post","link":"http:\/\/vocesver.com\/noticias\/exijo-se-apliquen-los-protocolos-de-acoso-y-hostigamiento\/","title":{"rendered":"\u201cEXIJO SE APLIQUEN LOS PROTOCOLOS DE ACOSO Y HOSTIGAMIENTO\u201d"},"content":{"rendered":"\n<p><br>COMUNICADO DE PRENSA<br><br>Xico, Veracruz, 17 de junio de 2024.- La Maestra Yadira Romero L\u00f3pez, que hasta fecha \u2014- labor\u00e9 en la escuela Telesecundaria Benito Ju\u00e1rez Garc\u00eda con clave 30ETV0470G, en el Municipio de Xico, Veracruz, he interpuesto denuncias y por ello me atrevo a hacerlo ahora de manera p\u00fablica. He sufrido una serie de acciones discriminatorias y de hostigamiento laboral por parte del Director de dicho plantel educativo Emmanuel N, y adem\u00e1s, tuve que presentar una queja por violaciones a Derechos Humanos por la impunidad que ha generado a costa de mi estabilidad laboral, psicol\u00f3gica y moral las diversas autoridades educativas que tienen conocimiento de ello y han sido omisas, protegiendo por razones que desconozco a este se\u00f1or, peor adem\u00e1s, reproduciendo violencia laboral e institucional. Entre estas autoridades la Maestra Irene Sedas Gonz\u00e1lez titular de la Subdirecci\u00f3n de Escuelas Secundarias Estatales del Estado de Veracruz y Mar\u00eda del Roc\u00edo Lima Garc\u00eda Supervisora de la Supervisi\u00f3n Escolar de la Zona 618 de Secundarias Estatales.<br><br>Desde su nombramiento como director de la escuela Telesecundaria Benito Ju\u00e1rez Garc\u00eda, Emmanuel N ha hecho incontables comentarios inapropiados, sexistas y mis\u00f3ginos y gestos lascivos en mi contra; adem\u00e1s de asignarme una carga adicional de trabajo sin justificaci\u00f3n. Estos cambios dentro de la administraci\u00f3n del plantel educativo generaron malestar entre el colectivo acad\u00e9mico, lo que hizo que en m\u00faltiples ocasiones acudiera en compa\u00f1\u00eda de otros profesores se dirigieron a la Subdirecci\u00f3n de Escuelas Secundarias Estatales en Xalapa para expresar nuestra inconformidad por las pr\u00e1cticas de Su\u00e1rez Bueno, sin embargo, las autoridades no tomaron medidas efectivas para resolver las quejas, lo que perpetu\u00f3 el ambiente hostil dentro del plantel educativo.<br><br>A pesar de las quejas presentadas ante la Subdirecci\u00f3n de Escuelas Secundarias Estatales y ante la Supervisi\u00f3n Escolar de la Zona 618 de Secundarias Estatales, continuaron los conflictos internos dentro del plantel educativo, exacerbados por decisiones arbitrarias del director Su\u00e1rez Bueno. Fui objeto de acusaciones infundadas y se\u00f1alamientos durante una reuni\u00f3n de Consejo T\u00e9cnico Escolar, lo cual contribuy\u00f3 a escarnio dentro de la comunidad educativa. Ante la falta de respuestas satisfactorias por parte de las autoridades educativas, decid\u00ed buscar apoyo del sindicato ASTEV y actualmente existen dos carpetas de investigaci\u00f3n que acompa\u00f1an este<br><br>proceso ante la Fiscal\u00eda General de Estado contra todos los actos de acoso laboral, hostigamiento sexual, abuso de poder y discriminaci\u00f3n. Hace un par de semanas asist\u00ed en compa\u00f1\u00eda de mis abogadas a una audiencia por el proceso penal.<br><br>A pesar de las evidencias presentadas y las denuncias formuladas, las autoridades educativas no han aplicado protocolos adecuados ni investigado las acusaciones en contra de Emmanuel Su\u00e1rez Bueno, lo que me ha dejado en una situaci\u00f3n de vulnerabilidad laboral y emocional. Debido al persistente acoso y discriminaci\u00f3n, me he visto obligada a cambiar de lugar de residencia a otra ciudad, a cambiar mis condiciones laborales y abandonar mi empleo, esta situaci\u00f3n ha afectado mi estabilidad emocional y familiar, pues he sido violentada y revictimizada institucionalmente, vulnerando mi esfera de derechos y oblig\u00e1ndome a tomar medidas extremas como lo fue dejar mi empleo.<br><br>Ante los graves acontecimientos que han permeado en mi estabilidad emocional y familiar, exijo justicia y medidas urgentes por parte de las autoridades competentes para poner fin al acoso y hostigamiento laboral del que estoy siendo v\u00edctima. Solicito una investigaci\u00f3n exhaustiva y el respaldo necesario para proteger mis derechos laborales y humanos, y de todos los trabajadores del sector educativo.<br><br><br><br><br><br><br><br><br><br><br><br><br><br><br><br><br><br><br><br><br><br><br><br><\/p>\n","protected":false},"excerpt":{"rendered":"<p>COMUNICADO DE PRENSA Xico, Veracruz, 17 de junio de 2024.- La Maestra Yadira Romero L\u00f3pez, que hasta fecha \u2014- labor\u00e9<\/p>\n","protected":false},"author":2,"featured_media":43526,"comment_status":"open","ping_status":"open","sticky":false,"template":"","format":"standard","meta":{"colormag_page_container_layout":"default_layout","colormag_page_sidebar_layout":"default_layout","footnotes":""},"categories":[4],"tags":[],"class_list":["post-43519","post","type-post","status-publish","format-standard","has-post-thumbnail","hentry","category-estatal"],"_links":{"self":[{"href":"http:\/\/vocesver.com\/noticias\/wp-json\/wp\/v2\/posts\/43519","targetHints":{"allow":["GET"]}}],"collection":[{"href":"http:\/\/vocesver.com\/noticias\/wp-json\/wp\/v2\/posts"}],"about":[{"href":"http:\/\/vocesver.com\/noticias\/wp-json\/wp\/v2\/types\/post"}],"author":[{"embeddable":true,"href":"http:\/\/vocesver.com\/noticias\/wp-json\/wp\/v2\/users\/2"}],"replies":[{"embeddable":true,"href":"http:\/\/vocesver.com\/noticias\/wp-json\/wp\/v2\/comments?post=43519"}],"version-history":[{"count":2,"href":"http:\/\/vocesver.com\/noticias\/wp-json\/wp\/v2\/posts\/43519\/revisions"}],"predecessor-version":[{"id":43524,"href":"http:\/\/vocesver.com\/noticias\/wp-json\/wp\/v2\/posts\/43519\/revisions\/43524"}],"wp:featuredmedia":[{"embeddable":true,"href":"http:\/\/vocesver.com\/noticias\/wp-json\/wp\/v2\/media\/43526"}],"wp:attachment":[{"href":"http:\/\/vocesver.com\/noticias\/wp-json\/wp\/v2\/media?parent=43519"}],"wp:term":[{"taxonomy":"category","embeddable":true,"href":"http:\/\/vocesver.com\/noticias\/wp-json\/wp\/v2\/categories?post=43519"},{"taxonomy":"post_tag","embeddable":true,"href":"http:\/\/vocesver.com\/noticias\/wp-json\/wp\/v2\/tags?post=43519"}],"curies":[{"name":"wp","href":"https:\/\/api.w.org\/{rel}","templated":true}]}}