{"id":43508,"date":"2024-06-17T20:44:31","date_gmt":"2024-06-17T20:44:31","guid":{"rendered":"http:\/\/vocesver.com\/noticias\/?p=43508"},"modified":"2024-06-17T21:34:29","modified_gmt":"2024-06-17T21:34:29","slug":"luz-maria-zaleta-mendoza-sera-titular-de-sedema-rocio-nahle","status":"publish","type":"post","link":"http:\/\/vocesver.com\/noticias\/luz-maria-zaleta-mendoza-sera-titular-de-sedema-rocio-nahle\/","title":{"rendered":"LUZ MARIELA ZALETA MENDOZA SER\u00c1 TITULAR DE SEDEMA: ROC\u00cdO NAHLE"},"content":{"rendered":"\n<p>AUSENCIO RIVERA\/VOCESVER.COM\/NOTICIAS<br>Boca del R\u00edo, Ver., lunes 17 de junio de 2024.- La pozarricense Luz Mariela Zaleta Mendoza, Ingeniera Ambiental por la Universidad Veracruzana ser\u00e1 la pr\u00f3xima titular de la Secretar\u00eda de Medio Ambiente (SEDEMA) en el estado de Veracruz.<br><br>Tras sostener una reuni\u00f3n con su virtual integrante del gabinete, la gobernadora electa, Roc\u00edo Nahle Garc\u00eda, confirm\u00f3 el nombramiento.<br><br>Desde su expertis, Zaleta Mendoza se ha desarrollado en los \u00e1mbitos de seguridad, industria as\u00ed como pol\u00edtica p\u00fablica y cuenta con gran experiencia en gesti\u00f3n de tr\u00e1mites ambientales, elaboraci\u00f3n de Plan de Manejo de Residuos y supervisi\u00f3n y seguimiento de manejo adecuado de residuos as\u00ed como la elaboraci\u00f3n de Manifiestos de Impacto Ambiental (MIA), riesgo ambiental as\u00ed como informes de t\u00e9rminos<br>y condicionantes de los resolutivos de los mismos.<br><br>\u201cElla me va a estar ayudando en la Secretar\u00eda de Medio Ambiente, es parte fundamental de lo que tenemos que trabajar aqu\u00ed en Veracruz y tenemos mujeres muy valiosas, muy valiosas y la ingeniera es una de ellas, entonces me da much\u00edsimo gusto que se integre al gobierno que vamos a dirigir los pr\u00f3ximos seis a\u00f1os\u201d, asegur\u00f3 la ejecutiva electa.<br><br>\u201cYo quiero agradecer a la Ingeniero porque est\u00e1 depositando la confianza y cr\u00e9anlo que vamos a sumar y vamos a accionar a Veracruz de una manera que se vean los resultados y como lo dice tambi\u00e9n nuestra presidenta, de manera sustentable, queremos a un Veracruz limpio y sano, te agradezco\u201d, apunt\u00f3 Zaleta Mendoza.<br><br><br><br><br><br><br><br><br><br><br><br><br><br><br><br><br><br><br><br><br><br><br><br><br><br><br><br><\/p>\n","protected":false},"excerpt":{"rendered":"<p>AUSENCIO RIVERA\/VOCESVER.COM\/NOTICIASBoca del R\u00edo, Ver., lunes 17 de junio de 2024.- La pozarricense Luz Mariela Zaleta Mendoza, Ingeniera Ambiental por<\/p>\n","protected":false},"author":2,"featured_media":43521,"comment_status":"open","ping_status":"open","sticky":false,"template":"","format":"standard","meta":{"colormag_page_container_layout":"default_layout","colormag_page_sidebar_layout":"default_layout","footnotes":""},"categories":[2],"tags":[],"class_list":["post-43508","post","type-post","status-publish","format-standard","has-post-thumbnail","hentry","category-infogral"],"_links":{"self":[{"href":"http:\/\/vocesver.com\/noticias\/wp-json\/wp\/v2\/posts\/43508","targetHints":{"allow":["GET"]}}],"collection":[{"href":"http:\/\/vocesver.com\/noticias\/wp-json\/wp\/v2\/posts"}],"about":[{"href":"http:\/\/vocesver.com\/noticias\/wp-json\/wp\/v2\/types\/post"}],"author":[{"embeddable":true,"href":"http:\/\/vocesver.com\/noticias\/wp-json\/wp\/v2\/users\/2"}],"replies":[{"embeddable":true,"href":"http:\/\/vocesver.com\/noticias\/wp-json\/wp\/v2\/comments?post=43508"}],"version-history":[{"count":3,"href":"http:\/\/vocesver.com\/noticias\/wp-json\/wp\/v2\/posts\/43508\/revisions"}],"predecessor-version":[{"id":43533,"href":"http:\/\/vocesver.com\/noticias\/wp-json\/wp\/v2\/posts\/43508\/revisions\/43533"}],"wp:featuredmedia":[{"embeddable":true,"href":"http:\/\/vocesver.com\/noticias\/wp-json\/wp\/v2\/media\/43521"}],"wp:attachment":[{"href":"http:\/\/vocesver.com\/noticias\/wp-json\/wp\/v2\/media?parent=43508"}],"wp:term":[{"taxonomy":"category","embeddable":true,"href":"http:\/\/vocesver.com\/noticias\/wp-json\/wp\/v2\/categories?post=43508"},{"taxonomy":"post_tag","embeddable":true,"href":"http:\/\/vocesver.com\/noticias\/wp-json\/wp\/v2\/tags?post=43508"}],"curies":[{"name":"wp","href":"https:\/\/api.w.org\/{rel}","templated":true}]}}