{"id":43504,"date":"2024-06-14T22:45:30","date_gmt":"2024-06-14T22:45:30","guid":{"rendered":"http:\/\/vocesver.com\/noticias\/?p=43504"},"modified":"2024-06-14T23:28:11","modified_gmt":"2024-06-14T23:28:11","slug":"este-20-de-junio-se-estena-ameyali-en-auditorio-de-la-uanl","status":"publish","type":"post","link":"http:\/\/vocesver.com\/noticias\/este-20-de-junio-se-estena-ameyali-en-auditorio-de-la-uanl\/","title":{"rendered":"Este 20 de junio se estrena Ameyali en Monterrey,Nuevo Le\u00f3n."},"content":{"rendered":"\n<p><br><br>La obra es composici\u00f3n de la talentosa artista<br>veracruzana Sof\u00eda L\u00f3pez Zamudio.<br><br>AUSENCIO RIVERA\/VOCESVER.COM\/NOTICIAS <br>Veracruz,Ver..a 14 de Junio 2024.. La productora y compositora veracruzana Sof\u00eda L\u00f3pez Zamudio confirm\u00f3 en conferencia de medios que se llev\u00f3 a cabo en el Gran Caf\u00e9 del Portal de la Ciudad de Veraruz que \u00e9ste 20 de junio se estrena su obra musical Ameyali que significa yacimiento de agua en n\u00e1hualt.<br>La tambi\u00e9n reconocida violinista veracruzana explic\u00f3 que la presentaci\u00f3n de su obra se llevar\u00e1 a cabo con la Orquesta Sinf\u00f3nica de la Universidad Aut\u00f3noma de Monterrey  Nuevo Le\u00f3n que dirige Eduardo D\u00edaz Mu\u00f1oz quien es el directo art\u00edstico, participa como solista el maestro Ignacio Mariscal.<br>La presentaci\u00f3n de esta obra se llevar\u00e1 a efecto en el teatro universitario de dicha universidad ante la presencia de cientos de espectadores.<\/p>\n\n\n\n<p>Destac\u00f3 que Ameyali es una obra que esta basada en el son huasteco,tiene tres movimientos:alegro de una danza y un presto huapango.<\/p>\n\n\n\n<p>Explic\u00f3 que ella estudio en la Escuela Municipal de Bellas Artes y posteriormente se fui a la Ciudad de M\u00e9xico,all\u00e1 estudi\u00f3 el son huasteco y por  la formaci\u00f3n cl\u00e1sica que tuvo de ni\u00f1a aprendi\u00f3 la m\u00fasica con  diversos maestros de gran renombre y experiencia. Ese es el resultado de toda esta etapa de mi vida y que me motiv\u00f3 a hacer esta composici\u00f3n musical para la orquesta del maestro Ignacio Mariscal subrray\u00f3.<\/p>\n\n\n\n<p>Puntualiz\u00f3 que Ameyali es un una obra que al estar basada en el son huasteco tiene  internacioalista llevado a lo sinf\u00f3nico y est\u00e1 dedicada al Maestro Ignacio Mariscal.<\/p>\n\n\n\n<p>Dijo que su obra llega  a Monterey Nuevo Leon a propuesta del maestro Ignacio Mariscal. El propuso lo obra al Diretor Eduardo  D\u00edaz Mu\u00f1oz, \u00e9l analiz\u00f3 la composici\u00f3n y consider\u00f3 que era importante promoverla a trav\u00e9s de la orquesta  y fue as\u00ed como se da esta oportunidad, <\/p>\n\n\n\n<p>Sostuvo que su obra es estreno absoluto y no descarto que una vez que se presente en otros estados tambi\u00e9n se presente en Veracruz.<br>La talentosa artista es hija del conocido maestro veracruzano Gast\u00f3n L\u00f3pez exdirigente sindical del Setse en el Puerto de veracruz.<br><br><br><br><br><br><br><br><br><br><br><br><br><br><br><br><br><br><br><br><br><br><br><br><br><br><\/p>\n","protected":false},"excerpt":{"rendered":"<p>La obra es composici\u00f3n de la talentosa artistaveracruzana Sof\u00eda L\u00f3pez Zamudio. AUSENCIO RIVERA\/VOCESVER.COM\/NOTICIAS Veracruz,Ver..a 14 de Junio 2024.. La productora<\/p>\n","protected":false},"author":2,"featured_media":43513,"comment_status":"open","ping_status":"open","sticky":false,"template":"","format":"standard","meta":{"colormag_page_container_layout":"default_layout","colormag_page_sidebar_layout":"default_layout","footnotes":""},"categories":[2],"tags":[],"class_list":["post-43504","post","type-post","status-publish","format-standard","has-post-thumbnail","hentry","category-infogral"],"_links":{"self":[{"href":"http:\/\/vocesver.com\/noticias\/wp-json\/wp\/v2\/posts\/43504","targetHints":{"allow":["GET"]}}],"collection":[{"href":"http:\/\/vocesver.com\/noticias\/wp-json\/wp\/v2\/posts"}],"about":[{"href":"http:\/\/vocesver.com\/noticias\/wp-json\/wp\/v2\/types\/post"}],"author":[{"embeddable":true,"href":"http:\/\/vocesver.com\/noticias\/wp-json\/wp\/v2\/users\/2"}],"replies":[{"embeddable":true,"href":"http:\/\/vocesver.com\/noticias\/wp-json\/wp\/v2\/comments?post=43504"}],"version-history":[{"count":5,"href":"http:\/\/vocesver.com\/noticias\/wp-json\/wp\/v2\/posts\/43504\/revisions"}],"predecessor-version":[{"id":43517,"href":"http:\/\/vocesver.com\/noticias\/wp-json\/wp\/v2\/posts\/43504\/revisions\/43517"}],"wp:featuredmedia":[{"embeddable":true,"href":"http:\/\/vocesver.com\/noticias\/wp-json\/wp\/v2\/media\/43513"}],"wp:attachment":[{"href":"http:\/\/vocesver.com\/noticias\/wp-json\/wp\/v2\/media?parent=43504"}],"wp:term":[{"taxonomy":"category","embeddable":true,"href":"http:\/\/vocesver.com\/noticias\/wp-json\/wp\/v2\/categories?post=43504"},{"taxonomy":"post_tag","embeddable":true,"href":"http:\/\/vocesver.com\/noticias\/wp-json\/wp\/v2\/tags?post=43504"}],"curies":[{"name":"wp","href":"https:\/\/api.w.org\/{rel}","templated":true}]}}