{"id":43500,"date":"2024-06-14T21:53:14","date_gmt":"2024-06-14T21:53:14","guid":{"rendered":"http:\/\/vocesver.com\/noticias\/?p=43500"},"modified":"2024-06-14T21:53:16","modified_gmt":"2024-06-14T21:53:16","slug":"ernesto-perez-astorga-proximo-titular-de-sedecop-anuncia-rocio-nahle","status":"publish","type":"post","link":"http:\/\/vocesver.com\/noticias\/ernesto-perez-astorga-proximo-titular-de-sedecop-anuncia-rocio-nahle\/","title":{"rendered":"ERNESTO P\u00c9REZ ASTORGA PR\u00d3XIMO TITULAR DE SEDECOP ANUNCIA ROC\u00cdO NAHLE"},"content":{"rendered":"\n<p>AUSENCIO RIVERA\/VOCESVER.COM\/NOTICIAS<br><br>Boca del R\u00edo, Ver., viernes 14 de junio de 2024.- Ernesto P\u00e9rez Astorga, Senador de la Rep\u00fablica y reconocido integrante del sector empresarial veracruzano, ser\u00e1 el Secretario de Desarrollo Econ\u00f3mico y Portuario (Sedecop) en la administraci\u00f3n de la Ing. Roc\u00edo Nahle Garc\u00eda quien destac\u00f3 la importante trayectoria del actual legislador federal.<br><br>\u201cEs licenciado en Administraci\u00f3n de Empresas y lo estamos invitando a que nos ayude en la Secretar\u00eda de Desarrollo Econ\u00f3mico y Portuario, ah\u00ed nos va a ayudar, es un amigo pero adem\u00e1s tiene much\u00edsima experiencia\u201d, apunt\u00f3 la mandataria electa.<br><br>P\u00e9rez Astorga es egresado de la licenciatura en Administraci\u00f3n de Empresas (1980-1984) por el Instituto Tecnol\u00f3gico de Monterrey y Maestro en Planeaci\u00f3n Estrat\u00e9gica de Innovaci\u00f3n para el Desarrollo Empresarial por el Instituto Tecnol\u00f3gico de Monterrey.<br><br>Actualmente cursa un Doctorado en Administraci\u00f3n P\u00fablica.<br><br>Posee alta preparaci\u00f3n en materia econ\u00f3mica y finanzas, certificado en: Planeaci\u00f3n Estrat\u00e9gica,<br>Mercados de futuros y derivados as\u00ed como An\u00e1lisis de la Bolsa Mexicana de Valores.<br><br>Adem\u00e1s de ello curs\u00f3 los diplomados en:<br>Administraci\u00f3n y organizaci\u00f3n de negocios por The London School of Foreign Trade en Londres, Inglaterra; Administraci\u00f3n Financiera en el Tecnol\u00f3gico de Monterrey y en Alta Direcci\u00f3n igualmente en el Tecnol\u00f3gico de Monterrey.<br><br>\u201cMuchas gracias, para m\u00ed agradecer la confianza que se tiene a un servidor y ser\u00e1 un gran honor seguir sirviendo a nuestro querido estado de Veracruz al lado de la gobernadora, Roc\u00edo Nahle\u201d, finaliz\u00f3 P\u00e9rez Astorga.<br><br><br><br><br><br><br><br><br><br><br><br><br><br><br><br><br><br><br><br><br><br><br><\/p>\n","protected":false},"excerpt":{"rendered":"<p>AUSENCIO RIVERA\/VOCESVER.COM\/NOTICIAS Boca del R\u00edo, Ver., viernes 14 de junio de 2024.- Ernesto P\u00e9rez Astorga, Senador de la Rep\u00fablica y<\/p>\n","protected":false},"author":2,"featured_media":43505,"comment_status":"open","ping_status":"open","sticky":false,"template":"","format":"standard","meta":{"colormag_page_container_layout":"default_layout","colormag_page_sidebar_layout":"default_layout","footnotes":""},"categories":[2],"tags":[],"class_list":["post-43500","post","type-post","status-publish","format-standard","has-post-thumbnail","hentry","category-infogral"],"_links":{"self":[{"href":"http:\/\/vocesver.com\/noticias\/wp-json\/wp\/v2\/posts\/43500","targetHints":{"allow":["GET"]}}],"collection":[{"href":"http:\/\/vocesver.com\/noticias\/wp-json\/wp\/v2\/posts"}],"about":[{"href":"http:\/\/vocesver.com\/noticias\/wp-json\/wp\/v2\/types\/post"}],"author":[{"embeddable":true,"href":"http:\/\/vocesver.com\/noticias\/wp-json\/wp\/v2\/users\/2"}],"replies":[{"embeddable":true,"href":"http:\/\/vocesver.com\/noticias\/wp-json\/wp\/v2\/comments?post=43500"}],"version-history":[{"count":2,"href":"http:\/\/vocesver.com\/noticias\/wp-json\/wp\/v2\/posts\/43500\/revisions"}],"predecessor-version":[{"id":43506,"href":"http:\/\/vocesver.com\/noticias\/wp-json\/wp\/v2\/posts\/43500\/revisions\/43506"}],"wp:featuredmedia":[{"embeddable":true,"href":"http:\/\/vocesver.com\/noticias\/wp-json\/wp\/v2\/media\/43505"}],"wp:attachment":[{"href":"http:\/\/vocesver.com\/noticias\/wp-json\/wp\/v2\/media?parent=43500"}],"wp:term":[{"taxonomy":"category","embeddable":true,"href":"http:\/\/vocesver.com\/noticias\/wp-json\/wp\/v2\/categories?post=43500"},{"taxonomy":"post_tag","embeddable":true,"href":"http:\/\/vocesver.com\/noticias\/wp-json\/wp\/v2\/tags?post=43500"}],"curies":[{"name":"wp","href":"https:\/\/api.w.org\/{rel}","templated":true}]}}