{"id":43492,"date":"2024-06-13T23:27:44","date_gmt":"2024-06-13T23:27:44","guid":{"rendered":"http:\/\/vocesver.com\/noticias\/?p=43492"},"modified":"2024-06-13T23:30:14","modified_gmt":"2024-06-13T23:30:14","slug":"se-reune-rosa-maria-con-el-dirigente-sindical-pedro-blanco-garcia","status":"publish","type":"post","link":"http:\/\/vocesver.com\/noticias\/se-reune-rosa-maria-con-el-dirigente-sindical-pedro-blanco-garcia\/","title":{"rendered":"Se re\u00fane Rosa Mar\u00eda con el dirigente Sindical Pedro Blanco  Garc\u00eda."},"content":{"rendered":"\n<p>REDACCI\u00d3N\/VOCESVER.COM\/NOTICIAS<br><br>Veracruz,Ver..a 13 de junio 2024.. La ma\u00f1ana de este jueves la Diputada Federal electa del Distrito 12 de Morena Rosa Maria Hern\u00e1ndez Espejo sostuvo una importante reuni\u00f3n de trabajo con el dirigente del Sindicato de Electricista Pedro Blanco Garc\u00eda. La reuni\u00f3n se llev\u00f3 a cabo en conocido restaurante del bulevar Manuel \u00c1vila Camacho de esta Ciudad. Foto Ausencio RIVERA.<br><br><br><br><br><br><br><br><br><br><br><br><br><br><br><br><br><br><br><br><br><br><br><br><br><\/p>\n","protected":false},"excerpt":{"rendered":"<p>REDACCI\u00d3N\/VOCESVER.COM\/NOTICIAS Veracruz,Ver..a 13 de junio 2024.. La ma\u00f1ana de este jueves la Diputada Federal electa del Distrito 12 de Morena<\/p>\n","protected":false},"author":2,"featured_media":43498,"comment_status":"open","ping_status":"open","sticky":false,"template":"","format":"standard","meta":{"colormag_page_container_layout":"default_layout","colormag_page_sidebar_layout":"default_layout","footnotes":""},"categories":[2],"tags":[],"class_list":["post-43492","post","type-post","status-publish","format-standard","has-post-thumbnail","hentry","category-infogral"],"_links":{"self":[{"href":"http:\/\/vocesver.com\/noticias\/wp-json\/wp\/v2\/posts\/43492","targetHints":{"allow":["GET"]}}],"collection":[{"href":"http:\/\/vocesver.com\/noticias\/wp-json\/wp\/v2\/posts"}],"about":[{"href":"http:\/\/vocesver.com\/noticias\/wp-json\/wp\/v2\/types\/post"}],"author":[{"embeddable":true,"href":"http:\/\/vocesver.com\/noticias\/wp-json\/wp\/v2\/users\/2"}],"replies":[{"embeddable":true,"href":"http:\/\/vocesver.com\/noticias\/wp-json\/wp\/v2\/comments?post=43492"}],"version-history":[{"count":2,"href":"http:\/\/vocesver.com\/noticias\/wp-json\/wp\/v2\/posts\/43492\/revisions"}],"predecessor-version":[{"id":43495,"href":"http:\/\/vocesver.com\/noticias\/wp-json\/wp\/v2\/posts\/43492\/revisions\/43495"}],"wp:featuredmedia":[{"embeddable":true,"href":"http:\/\/vocesver.com\/noticias\/wp-json\/wp\/v2\/media\/43498"}],"wp:attachment":[{"href":"http:\/\/vocesver.com\/noticias\/wp-json\/wp\/v2\/media?parent=43492"}],"wp:term":[{"taxonomy":"category","embeddable":true,"href":"http:\/\/vocesver.com\/noticias\/wp-json\/wp\/v2\/categories?post=43492"},{"taxonomy":"post_tag","embeddable":true,"href":"http:\/\/vocesver.com\/noticias\/wp-json\/wp\/v2\/tags?post=43492"}],"curies":[{"name":"wp","href":"https:\/\/api.w.org\/{rel}","templated":true}]}}