{"id":43484,"date":"2024-06-13T23:14:05","date_gmt":"2024-06-13T23:14:05","guid":{"rendered":"http:\/\/vocesver.com\/noticias\/?p=43484"},"modified":"2024-06-13T23:15:51","modified_gmt":"2024-06-13T23:15:51","slug":"xochitl-molina-a-cultura-anuncia-rocio-nahle","status":"publish","type":"post","link":"http:\/\/vocesver.com\/noticias\/xochitl-molina-a-cultura-anuncia-rocio-nahle\/","title":{"rendered":"X\u00d3CHITL MOLINA A CULTURA ANUNCIA ROC\u00cdO NAHLE"},"content":{"rendered":"\n<p><br>AUSENCIO RIVERA\/VOCESVER.COM\/NOTICIAS<br><br>Boca del R\u00edo, Ver., jueves 13 de junio de 2024.-  La maestra Mar\u00eda X\u00f3chitl Molina Gonz\u00e1lez, asumir\u00e1 en diciembre la titularidad de la Secretar\u00eda de Cultura del Estado a invitaci\u00f3n de la Ing. Roc\u00edo Nahle Garc\u00eda, gobernadora electa de Veracruz.<br><br>Con una gran trayectoria en asuntos ind\u00edgenas, fue comisionada de los Pueblos Ind\u00edgenas en el actual gobierno y extitular del Instituto Veracruzano de Asuntos Ind\u00edgenas.<br><br>Es originaria de Tatahuicapan de Ju\u00e1rez, profesora de primaria y cuenta con un<br>Diplomado Dial\u00f3gico en historia social y oral, cuenta con una Maestr\u00eda en Gobierno as\u00ed como con una Licenciatura en Pedagog\u00eda por la Universidad Pedag\u00f3gica Nacional (UPN)<br><br>Ha sido tambi\u00e9n Coordinadora Regional en los Estados de Oaxaca, Puebla y Veracruz, de los Programa FAPPA Y PROMUSAG, de la Secretar\u00eda de Desarrollo Agrario, Territorial y Urbano (SEDATU); Directora General del Programa de Desarrollo e Integraci\u00f3n de las Zonas Serranas y la Poblaci\u00f3n Ind\u00edgena. Secretar\u00eda de Desarrollo Social, SEGOB y Docente de Educaci\u00f3n Primaria Ind\u00edgena en la SEV, entre otros cargos.<br><br><br><br><br><br><br><br><br><br><br><br><br><br><br><br><br><br><br><br><br><br><br><br><br><\/p>\n","protected":false},"excerpt":{"rendered":"<p>AUSENCIO RIVERA\/VOCESVER.COM\/NOTICIAS Boca del R\u00edo, Ver., jueves 13 de junio de 2024.- La maestra Mar\u00eda X\u00f3chitl Molina Gonz\u00e1lez, asumir\u00e1 en<\/p>\n","protected":false},"author":2,"featured_media":43490,"comment_status":"open","ping_status":"open","sticky":false,"template":"","format":"standard","meta":{"colormag_page_container_layout":"default_layout","colormag_page_sidebar_layout":"default_layout","footnotes":""},"categories":[2],"tags":[],"class_list":["post-43484","post","type-post","status-publish","format-standard","has-post-thumbnail","hentry","category-infogral"],"_links":{"self":[{"href":"http:\/\/vocesver.com\/noticias\/wp-json\/wp\/v2\/posts\/43484","targetHints":{"allow":["GET"]}}],"collection":[{"href":"http:\/\/vocesver.com\/noticias\/wp-json\/wp\/v2\/posts"}],"about":[{"href":"http:\/\/vocesver.com\/noticias\/wp-json\/wp\/v2\/types\/post"}],"author":[{"embeddable":true,"href":"http:\/\/vocesver.com\/noticias\/wp-json\/wp\/v2\/users\/2"}],"replies":[{"embeddable":true,"href":"http:\/\/vocesver.com\/noticias\/wp-json\/wp\/v2\/comments?post=43484"}],"version-history":[{"count":2,"href":"http:\/\/vocesver.com\/noticias\/wp-json\/wp\/v2\/posts\/43484\/revisions"}],"predecessor-version":[{"id":43489,"href":"http:\/\/vocesver.com\/noticias\/wp-json\/wp\/v2\/posts\/43484\/revisions\/43489"}],"wp:featuredmedia":[{"embeddable":true,"href":"http:\/\/vocesver.com\/noticias\/wp-json\/wp\/v2\/media\/43490"}],"wp:attachment":[{"href":"http:\/\/vocesver.com\/noticias\/wp-json\/wp\/v2\/media?parent=43484"}],"wp:term":[{"taxonomy":"category","embeddable":true,"href":"http:\/\/vocesver.com\/noticias\/wp-json\/wp\/v2\/categories?post=43484"},{"taxonomy":"post_tag","embeddable":true,"href":"http:\/\/vocesver.com\/noticias\/wp-json\/wp\/v2\/tags?post=43484"}],"curies":[{"name":"wp","href":"https:\/\/api.w.org\/{rel}","templated":true}]}}