{"id":43479,"date":"2024-06-13T23:08:48","date_gmt":"2024-06-13T23:08:48","guid":{"rendered":"http:\/\/vocesver.com\/noticias\/?p=43479"},"modified":"2024-06-13T23:11:19","modified_gmt":"2024-06-13T23:11:19","slug":"todo-el-apoyo-a-rocio-nahle-reitera-amlo","status":"publish","type":"post","link":"http:\/\/vocesver.com\/noticias\/todo-el-apoyo-a-rocio-nahle-reitera-amlo\/","title":{"rendered":"TODO EL APOYO A ROC\u00cdO NAHLE REITERA AMLO"},"content":{"rendered":"\n<p>^Son un gran estado que no se dej\u00f3 \u201cchorear\u201d por quienes \u201cse sent\u00edan los due\u00f1os de Veracruz\u201d<br><br>REDACCION\/VOCESVER.COM\/NOTICIAS<br><br>Ciudad de M\u00e9xico, Ver., jueves 13 de junio de 2024.- El presidente Andr\u00e9s Manuel L\u00f3pez Obrador afirm\u00f3 en \u201cLa Ma\u00f1anera\u201d que en lo que resta de su administraci\u00f3n dar\u00e1 todo el respaldo a la gobernadora electa de Veracruz, Roc\u00edo Nahle Garc\u00eda, quien asegur\u00f3, gan\u00f3 gracias a la buena decisi\u00f3n de los ciudadanos veracruzanos.<br><br>Lo anterior, explic\u00f3, luego de una guerra sucia encarnizada pagada por la derecha y por los \u201cque se sent\u00edan los due\u00f1os de Veracruz\u201d, luego entonces, felicit\u00f3 nuevamente a su tierra, Veracruz, por la sabia decisi\u00f3n que tom\u00f3 el pasado 2 de junio.<br><br>\u201cQuiero aprovechar para decir, que felicito a mis paisanas a mis paisanos por la decisi\u00f3n que tomaron de elegir a Roc\u00edo Nahle. Es algo important\u00edsimo, lo mismo que pas\u00f3 a nivel nacional\u201d, dijo el mandatario.<br><br>El triunfo de Morena y Roc\u00edo Nahle, explic\u00f3, sent\u00f3 otro precedente en materia electoral y en la historia de M\u00e9xico porque todos apostaban a que el movimiento se desdibujara en 2024 por no tenerlo en la boleta, ahora, deben darse cuenta que son un partido con cuadros consolidados.<br><br>La derecha no debe volver m\u00e1s al poder, ser\u00eda lamentable y muy triste, subray\u00f3 L\u00f3pez Obrador.<br><br>\u201cHubiese sido muy lamentable que regresara la corrupci\u00f3n y felicitar al pueblo de Veracruz porque siempre ha sido un pueblo muy avispado, muy despierto y ahora lo demostr\u00f3 de nuevo, no se deja chorear\u201d, puntualiz\u00f3.<br><br>Finalmente, reiter\u00f3 que est\u00e1 orgulloso de Veracruz porque es un pueblo que \u201cno se dej\u00f3 chorear\u201d<br><br>\u201cPor eso me da mucho gusto, pero sobre todo, por mis paisanos. porque no se dejaron jugar el dedo en la boca y eso les va a ayudar porque Roc\u00edo va a ser una muy buena gobernadora para atender todos estos asuntos\u201d, concluy\u00f3.<br><br><br><br><br><br><br><br><br><br><br><br><br><br><br><br><br><br><br><br><br><br><br><br><br><br><br><br><\/p>\n","protected":false},"excerpt":{"rendered":"<p>^Son un gran estado que no se dej\u00f3 \u201cchorear\u201d por quienes \u201cse sent\u00edan los due\u00f1os de Veracruz\u201d REDACCION\/VOCESVER.COM\/NOTICIAS Ciudad de<\/p>\n","protected":false},"author":2,"featured_media":43486,"comment_status":"open","ping_status":"open","sticky":false,"template":"","format":"standard","meta":{"colormag_page_container_layout":"default_layout","colormag_page_sidebar_layout":"default_layout","footnotes":""},"categories":[5],"tags":[],"class_list":["post-43479","post","type-post","status-publish","format-standard","has-post-thumbnail","hentry","category-nacional"],"_links":{"self":[{"href":"http:\/\/vocesver.com\/noticias\/wp-json\/wp\/v2\/posts\/43479","targetHints":{"allow":["GET"]}}],"collection":[{"href":"http:\/\/vocesver.com\/noticias\/wp-json\/wp\/v2\/posts"}],"about":[{"href":"http:\/\/vocesver.com\/noticias\/wp-json\/wp\/v2\/types\/post"}],"author":[{"embeddable":true,"href":"http:\/\/vocesver.com\/noticias\/wp-json\/wp\/v2\/users\/2"}],"replies":[{"embeddable":true,"href":"http:\/\/vocesver.com\/noticias\/wp-json\/wp\/v2\/comments?post=43479"}],"version-history":[{"count":2,"href":"http:\/\/vocesver.com\/noticias\/wp-json\/wp\/v2\/posts\/43479\/revisions"}],"predecessor-version":[{"id":43485,"href":"http:\/\/vocesver.com\/noticias\/wp-json\/wp\/v2\/posts\/43479\/revisions\/43485"}],"wp:featuredmedia":[{"embeddable":true,"href":"http:\/\/vocesver.com\/noticias\/wp-json\/wp\/v2\/media\/43486"}],"wp:attachment":[{"href":"http:\/\/vocesver.com\/noticias\/wp-json\/wp\/v2\/media?parent=43479"}],"wp:term":[{"taxonomy":"category","embeddable":true,"href":"http:\/\/vocesver.com\/noticias\/wp-json\/wp\/v2\/categories?post=43479"},{"taxonomy":"post_tag","embeddable":true,"href":"http:\/\/vocesver.com\/noticias\/wp-json\/wp\/v2\/tags?post=43479"}],"curies":[{"name":"wp","href":"https:\/\/api.w.org\/{rel}","templated":true}]}}