{"id":43461,"date":"2024-06-12T23:11:07","date_gmt":"2024-06-12T23:11:07","guid":{"rendered":"http:\/\/vocesver.com\/noticias\/?p=43461"},"modified":"2024-06-12T23:16:06","modified_gmt":"2024-06-12T23:16:06","slug":"sentimientos-de-la-nacion-espera-un-buen-gobierno-de-rocio-nalhe-garciatamariz-pimentel","status":"publish","type":"post","link":"http:\/\/vocesver.com\/noticias\/sentimientos-de-la-nacion-espera-un-buen-gobierno-de-rocio-nalhe-garciatamariz-pimentel\/","title":{"rendered":"SENTIMIENTOS DE LA NACI\u00d3N ESPERA UN BUEN GOBIERNO DE ROCIO NALHE GARC\u00cdA:TAMAR\u00cdZ PIMENTEL."},"content":{"rendered":"\n<p><br><br>AUSENCIO RIVERA\/VOCESVER.COM\/N0TICIAS<br><br>Veracruz,Ver.- a 12 de Junio 2024.-La agrupaci\u00f3n Pol\u00edtica Social Sentimientos de la Naci\u00f3n en el Estado de Veracruz espera que la ingeniero Roc\u00edo Nahle Garc\u00eda haga  un buen gobierno en benefici\u00f3 de Veracruz y de todos los veracruzanos.<br>Lo anterior lo se\u00f1al\u00f3 el licenciado Evirilio Tamar\u00edz Pimentel presidente estatal de esta organzaci\u00f3n que aglutina a mas de 4 mil afialiados en su mayor\u00eda colonos y gente del campo.<br>Destac\u00f3 nosotros le damos nuestro voto de confianza porque gan\u00f3 de manera contundente  la Gubernatura con mayor\u00eda de votos de los veracruzanos.<br>Ahora todos debemos de apoyarla aunque no hayamos estado de acuerdo con su participaci\u00f3n, sin embargo gan\u00f3   y lo que nos queda es respetarla y apoyarla para que nos vaya bien a todo los veracruzanos. <br>Nosotros esperamos que haga un mejor gobierno que el actual, el cual lamentablemente no se preocup\u00f3 en atender los problemas de las clases m\u00e1s desprotegidas de las colonias y las zonas rurales <br>Con el gobierno de Roci\u00edo Nahle esperamos que Veracruz est\u00e9 siempre arriba como la espuma de sus playas.<br>Por otro lado se manifest\u00f3 en contra de que desaparezcan las diputaciones plurinominales. Eso es contrario a las propias minor\u00edas, en su momento cuando eran PRD Morena pugnaba porque eso se llevara a cabo. La oposici\u00f3n anterior del PAN pugn\u00f3 porque se hicieran  las plurinomimales \u00abpara que hubiera un equilibrio y pluralidad\u00bb. Para que los partidos de minor\u00eda tuvieran voz en el Congreso Federal y seria un retroceso quitarlos.<br>Finalmente rechazo que los 200 diputados plurinominales  que actualmente existen sean una carga para el pa\u00eds, al tiempo que dijo mas carga para el pa\u00eds ser\u00edan actos de corrupci\u00f3n, actos de prepotencia del gobierno y actos de que se est\u00e1 devaluando el peso y est\u00e1 subiendo demasiado el d\u00f3lar. Ah\u00ed si  ser\u00eda un decremento econ\u00f3mico y eso no ser\u00eda por 200 diputados pluri m\u00e1s.<br><br><br><br><br><br><br><br><br><br><br><br><br><br><br><br><br><br><br><br><br><\/p>\n","protected":false},"excerpt":{"rendered":"<p>AUSENCIO RIVERA\/VOCESVER.COM\/N0TICIAS Veracruz,Ver.- a 12 de Junio 2024.-La agrupaci\u00f3n Pol\u00edtica Social Sentimientos de la Naci\u00f3n en el Estado de Veracruz<\/p>\n","protected":false},"author":2,"featured_media":43468,"comment_status":"open","ping_status":"open","sticky":false,"template":"","format":"standard","meta":{"colormag_page_container_layout":"default_layout","colormag_page_sidebar_layout":"default_layout","footnotes":""},"categories":[2],"tags":[],"class_list":["post-43461","post","type-post","status-publish","format-standard","has-post-thumbnail","hentry","category-infogral"],"_links":{"self":[{"href":"http:\/\/vocesver.com\/noticias\/wp-json\/wp\/v2\/posts\/43461","targetHints":{"allow":["GET"]}}],"collection":[{"href":"http:\/\/vocesver.com\/noticias\/wp-json\/wp\/v2\/posts"}],"about":[{"href":"http:\/\/vocesver.com\/noticias\/wp-json\/wp\/v2\/types\/post"}],"author":[{"embeddable":true,"href":"http:\/\/vocesver.com\/noticias\/wp-json\/wp\/v2\/users\/2"}],"replies":[{"embeddable":true,"href":"http:\/\/vocesver.com\/noticias\/wp-json\/wp\/v2\/comments?post=43461"}],"version-history":[{"count":2,"href":"http:\/\/vocesver.com\/noticias\/wp-json\/wp\/v2\/posts\/43461\/revisions"}],"predecessor-version":[{"id":43467,"href":"http:\/\/vocesver.com\/noticias\/wp-json\/wp\/v2\/posts\/43461\/revisions\/43467"}],"wp:featuredmedia":[{"embeddable":true,"href":"http:\/\/vocesver.com\/noticias\/wp-json\/wp\/v2\/media\/43468"}],"wp:attachment":[{"href":"http:\/\/vocesver.com\/noticias\/wp-json\/wp\/v2\/media?parent=43461"}],"wp:term":[{"taxonomy":"category","embeddable":true,"href":"http:\/\/vocesver.com\/noticias\/wp-json\/wp\/v2\/categories?post=43461"},{"taxonomy":"post_tag","embeddable":true,"href":"http:\/\/vocesver.com\/noticias\/wp-json\/wp\/v2\/tags?post=43461"}],"curies":[{"name":"wp","href":"https:\/\/api.w.org\/{rel}","templated":true}]}}