{"id":43457,"date":"2024-06-12T15:52:11","date_gmt":"2024-06-12T15:52:11","guid":{"rendered":"http:\/\/vocesver.com\/noticias\/?p=43457"},"modified":"2024-06-12T15:54:24","modified_gmt":"2024-06-12T15:54:24","slug":"ricardo-ahued-a-segob","status":"publish","type":"post","link":"http:\/\/vocesver.com\/noticias\/ricardo-ahued-a-segob\/","title":{"rendered":"RICARDO AHUED A SEGOB."},"content":{"rendered":"\n<p>^Con Ricardo Ahued, Veracruz mantendr\u00e1 la gobernabilidad y estabilidad pol\u00edtica.<br>^Quien coordinar\u00e1 los trabajos de transici\u00f3n ser\u00e1 el ex coordinador de campa\u00f1a y alcalde de Mart\u00ednez de la Torre, Rodrigo Calder\u00f3n Salas, pr\u00f3ximo titular de Sedarpa.<br><br>AUSENCIO RIVERA\/VOCESVER.COM\/NOTICIAS<br><br>Xalapa, Ver., martes 11 de junio de 2024.- La Gobernadora Electa de Veracruz, Roc\u00edo Nahle Garc\u00eda, anunci\u00f3 que el pr\u00f3ximo secretario de Gobierno del Estado ser\u00e1 el a\u00fan alcalde de Xalapa, Ricardo Ahued Bardahuil.<br><br>En un mensaje dirigido a los veracruzanos y veracruzanas en sus redes sociales, Nahle Garc\u00eda confirm\u00f3 el nombramiento del tambi\u00e9n extitular de la Direcci\u00f3n General de Aduanas y actual Senador de la Rep\u00fablica con licencia quien a partir de diciembre ser\u00e1 el encargado de la pol\u00edtica interna de la entidad.<br><br>Hasta el momento, es el segundo cargo que confirma la gobernadora electa de Veracruz tras anunciar en su pasada campa\u00f1a, que la titularidad de la Secretar\u00eda de Desarrollo Agropecuario, Rural y Pesca (SEDARPA) recaer\u00e1 sobre Rodrigo Calder\u00f3n Salas quien es alcalde de Mart\u00ednez de la Torre y fue coordinador de su campa\u00f1a rumbo a la gubernatura.<br><br>Roc\u00edo Nahle Garc\u00eda anunci\u00f3 que gradualmente ir\u00e1 dando a conocer el resto de los integrantes del gabinete que la acompa\u00f1ar\u00e1 en su administraci\u00f3n.<br><br>Ricardo Ahued cerrar\u00e1 los pendientes de su administraci\u00f3n municipal para despu\u00e9s, en diciembre, incorporarse al gabinete de Roc\u00edo Nahle Garc\u00eda.<br><br>\u201cYa acept\u00f3, ya nos dio el s\u00ed y nos va a ayudar mucho en la Secretar\u00eda de Gobierno\u201d, subray\u00f3 la ejecutiva electa.<br><br>\u201cMuchas gracias, ser\u00e1 un honor y adem\u00e1s no defraudar la confianza de la gobernadora electa y de los veracruzanos, muchas gracias Roc\u00edo\u201d, se\u00f1al\u00f3 Ricardo Ahued.<br><br><br><br><br><br><br><br><br><br><br><br><br><br><br><br><br><br><br><br><br><br><br><br><\/p>\n","protected":false},"excerpt":{"rendered":"<p>^Con Ricardo Ahued, Veracruz mantendr\u00e1 la gobernabilidad y estabilidad pol\u00edtica.^Quien coordinar\u00e1 los trabajos de transici\u00f3n ser\u00e1 el ex coordinador de<\/p>\n","protected":false},"author":2,"featured_media":43464,"comment_status":"open","ping_status":"open","sticky":false,"template":"","format":"standard","meta":{"colormag_page_container_layout":"default_layout","colormag_page_sidebar_layout":"default_layout","footnotes":""},"categories":[2],"tags":[],"class_list":["post-43457","post","type-post","status-publish","format-standard","has-post-thumbnail","hentry","category-infogral"],"_links":{"self":[{"href":"http:\/\/vocesver.com\/noticias\/wp-json\/wp\/v2\/posts\/43457","targetHints":{"allow":["GET"]}}],"collection":[{"href":"http:\/\/vocesver.com\/noticias\/wp-json\/wp\/v2\/posts"}],"about":[{"href":"http:\/\/vocesver.com\/noticias\/wp-json\/wp\/v2\/types\/post"}],"author":[{"embeddable":true,"href":"http:\/\/vocesver.com\/noticias\/wp-json\/wp\/v2\/users\/2"}],"replies":[{"embeddable":true,"href":"http:\/\/vocesver.com\/noticias\/wp-json\/wp\/v2\/comments?post=43457"}],"version-history":[{"count":2,"href":"http:\/\/vocesver.com\/noticias\/wp-json\/wp\/v2\/posts\/43457\/revisions"}],"predecessor-version":[{"id":43462,"href":"http:\/\/vocesver.com\/noticias\/wp-json\/wp\/v2\/posts\/43457\/revisions\/43462"}],"wp:featuredmedia":[{"embeddable":true,"href":"http:\/\/vocesver.com\/noticias\/wp-json\/wp\/v2\/media\/43464"}],"wp:attachment":[{"href":"http:\/\/vocesver.com\/noticias\/wp-json\/wp\/v2\/media?parent=43457"}],"wp:term":[{"taxonomy":"category","embeddable":true,"href":"http:\/\/vocesver.com\/noticias\/wp-json\/wp\/v2\/categories?post=43457"},{"taxonomy":"post_tag","embeddable":true,"href":"http:\/\/vocesver.com\/noticias\/wp-json\/wp\/v2\/tags?post=43457"}],"curies":[{"name":"wp","href":"https:\/\/api.w.org\/{rel}","templated":true}]}}