{"id":43453,"date":"2024-06-12T15:46:02","date_gmt":"2024-06-12T15:46:02","guid":{"rendered":"http:\/\/vocesver.com\/noticias\/?p=43453"},"modified":"2024-06-12T15:47:58","modified_gmt":"2024-06-12T15:47:58","slug":"todo-un-exito-el-mini-congreso-de-orientacion-vocacional-en-el-cbtis-79","status":"publish","type":"post","link":"http:\/\/vocesver.com\/noticias\/todo-un-exito-el-mini-congreso-de-orientacion-vocacional-en-el-cbtis-79\/","title":{"rendered":"Todo un \u00c9xito el Mini Congreso de Orientaci\u00f3n Vocacional en el CBTIS 79"},"content":{"rendered":"\n<p>Por Jos\u00e9 Olivares Corona\/Vocesver. com\/noticias<br><br>Boca del R\u00edo, Veracruz.. A 12 de Junio 2024..<br>Con una gran asistencia de alumnos de todos los grados del plantel, se llev\u00f3 a cabo el Mini Congreso de Orientaci\u00f3n Vocacional 2024, en el Aula Magna del Centro de Bachillerato Tecnol\u00f3gico Industrial y de Servicios, CBTIS 79 \u201cMar\u00eda Soto la Marina\u201d, con sede en Boca del R\u00edo, Veracruz, mismo que fue organizado y coordinado por los j\u00f3venes de Sexto Grado de los grupos \u201cA\u201d y \u201cB\u201d de servicios de Hospedaje, quienes realizaron un extraordinario trabajo durante todo el desarrollo de las actividades efectuadas.<br>Al ser entrevistada sobre el particular por los medios de comunicaci\u00f3n, la distinguida y gentil maestra Ver\u00f3nica Fierro Canela, directora de este prestigiado plantel, precis\u00f3 que este Mini Congreso, tiene como objetivo principal, apoyar a los j\u00f3venes estudiantes, para que tengan una idea real de lo que quieren estudiar cuando concluyan sus estudios del nivel bachillerato y se enfoquen en lo que realmente les interesa y que les va a servir en un futuro en su desarrollo profesional.<br>\u201cCabe hacer menci\u00f3n que todos los trabajos fueron supervisados por las maestras, Ana Laura Montalvo Leal y Rafaela Elena Espinoza, adem\u00e1s participaron excelentes expositores quienes dieron pl\u00e1ticas muy concretas con relaci\u00f3n a todo lo que tiene que ver con lo que es la Orientaci\u00f3n Vocacional\u201d, agreg\u00f3 la entrevistada.  <br>Por otra parte, la guapa y distinguida maestra Fierro Canela, nos coment\u00f3 que se siente completamente satisfecha por los logros obtenidos durante este ciclo escolar que est\u00e1 por concluir.<br>\u201cYa contamos con una gran Banda de Guerra, con una escolta oficial y pr\u00f3ximamente presentaremos una Marching Band, muy parecida como las que existen en los Estados Unidos, misma que har\u00e1 su primera presentaci\u00f3n en el evento Nacional de Prototipos, as\u00ed como en el evento de fin de curso de este plantel.<br>A\u00fan y cuando estamos pr\u00f3ximos a concluir este ciclo escolar, seguimos estando enfocados en la formaci\u00f3n integral de los alumnos, queremos que nuestros j\u00f3venes se desarrollen en todas las \u00e1reas para que en un futuro sean altamente competitivos, queremos evitar que pasen muchas horas en las redes sociales y que se esfuercen por seguir adelante\u201d, a\u00f1adi\u00f3 la directora del CBTIS 79.<br> Finalmente, la maestra Ver\u00f3nica Fierro Canela, hizo \u00e9nfasis en que siguen trabajando a marchas forzadas en la instituci\u00f3n que representa, por el bien de los j\u00f3venes y que tanto docentes, como directivos, est\u00e1n comprometidos en ofrecer al alumnado un servicio educativo de calidad.<br><br><br><br><br><br><br><br><br><br><br><br><br><br><br><br><br><br><br><br><br><br><br><br><br><br><\/p>\n","protected":false},"excerpt":{"rendered":"<p>Por Jos\u00e9 Olivares Corona\/Vocesver. com\/noticias Boca del R\u00edo, Veracruz.. A 12 de Junio 2024..Con una gran asistencia de alumnos de<\/p>\n","protected":false},"author":2,"featured_media":43459,"comment_status":"open","ping_status":"open","sticky":false,"template":"","format":"standard","meta":{"colormag_page_container_layout":"default_layout","colormag_page_sidebar_layout":"default_layout","footnotes":""},"categories":[1],"tags":[],"class_list":["post-43453","post","type-post","status-publish","format-standard","has-post-thumbnail","hentry","category-sin-categoria"],"_links":{"self":[{"href":"http:\/\/vocesver.com\/noticias\/wp-json\/wp\/v2\/posts\/43453","targetHints":{"allow":["GET"]}}],"collection":[{"href":"http:\/\/vocesver.com\/noticias\/wp-json\/wp\/v2\/posts"}],"about":[{"href":"http:\/\/vocesver.com\/noticias\/wp-json\/wp\/v2\/types\/post"}],"author":[{"embeddable":true,"href":"http:\/\/vocesver.com\/noticias\/wp-json\/wp\/v2\/users\/2"}],"replies":[{"embeddable":true,"href":"http:\/\/vocesver.com\/noticias\/wp-json\/wp\/v2\/comments?post=43453"}],"version-history":[{"count":2,"href":"http:\/\/vocesver.com\/noticias\/wp-json\/wp\/v2\/posts\/43453\/revisions"}],"predecessor-version":[{"id":43458,"href":"http:\/\/vocesver.com\/noticias\/wp-json\/wp\/v2\/posts\/43453\/revisions\/43458"}],"wp:featuredmedia":[{"embeddable":true,"href":"http:\/\/vocesver.com\/noticias\/wp-json\/wp\/v2\/media\/43459"}],"wp:attachment":[{"href":"http:\/\/vocesver.com\/noticias\/wp-json\/wp\/v2\/media?parent=43453"}],"wp:term":[{"taxonomy":"category","embeddable":true,"href":"http:\/\/vocesver.com\/noticias\/wp-json\/wp\/v2\/categories?post=43453"},{"taxonomy":"post_tag","embeddable":true,"href":"http:\/\/vocesver.com\/noticias\/wp-json\/wp\/v2\/tags?post=43453"}],"curies":[{"name":"wp","href":"https:\/\/api.w.org\/{rel}","templated":true}]}}