{"id":43449,"date":"2024-06-11T15:07:05","date_gmt":"2024-06-11T15:07:05","guid":{"rendered":"http:\/\/vocesver.com\/noticias\/?p=43449"},"modified":"2024-06-11T15:24:21","modified_gmt":"2024-06-11T15:24:21","slug":"se-reelige-honorio-a-galvan-aguilar-por-6-anos-mas-en-la-union-nacional-de-marineros","status":"publish","type":"post","link":"http:\/\/vocesver.com\/noticias\/se-reelige-honorio-a-galvan-aguilar-por-6-anos-mas-en-la-union-nacional-de-marineros\/","title":{"rendered":"SE REELIGE HONORIO A.GALVAN AGUILAR POR 6 A\u00d1OS M\u00c1S EN LA UNI\u00d3N NACIONAL DE MARINEROS."},"content":{"rendered":"\n<p>Esto se dio por acuerdo de la clase trabajadora y a su gran trabajo realizado al frente de la organizaci\u00f3n.<br>AUSENCIO RIVERA\/VOCESVER.COM\/NOTICIAS<br>Veracruz,Ver&#8230; A 10 de Junio 2024.-Por acuerdo de la clase trabajadora y en base a que ha realizado un buen trabajo como secretario general en la Uni\u00f3n Nacional de Marineros del Puerto de Veracruz, Honorio A. Galv\u00e1n Aguilar se reeligio por un periodo m\u00e1s en esta organizaci\u00f3n sindical(2024 _2030).<br>Lo anterior lo confirm\u00f3 el mismo secretario general quien explic\u00f3 que el nuevo per\u00edodo sindical inici\u00f3 a partir del 1 de Mayo de este a\u00f1o.<br>Dijo que en el actual comit\u00e9 se nombraron a nuevos trabajadores luego de que con el paso de la pandemia del Covid-19 el Secretario del Trabajo y el de Organizaci\u00f3n lamentablemente perdieron la vida y esos espacios estaban vacantes.<br>Se\u00f1al\u00f3 que por primera vez en la historia del sindicato se tiene dentro del Comit\u00e9 Ejecutivo Nacional de la Uni\u00f3n de MARINEROS a la compa\u00f1era Araceli Valle jo N\u00fa\u00f1ez. Ella ocupa el cargo de secretaria de Organizaci\u00f3n y Propaganda.<br>El dirigente sindical anunci\u00f3 que este nuevo per\u00edodo \u00abestamos planeando incentivar la participaci\u00f3n de la mujer en el trabajo maritimo\u00bb<br>Nosotros esperamos llegar a tener a por lo menos el 50% de mujeres y el 50  % de hombres tanto en el Comit\u00e9 Ejecutivo Nacional y en delegaciones regionales.<br>Puntualiz\u00f3 que  la idea es equilibrar esto e in centivar la participaci\u00f3n de la mujer no solo en el trabajo, sino en las direcciones de los sindicatos.<br><br>Mas Nombramientos&#8230;.<br>En la Secretar\u00eda del Trabajo se nombr\u00f3 a  Mario Alberto Galv\u00e1n en lugar de Juan Castillo Robledo(finado).<br>En la Secretar\u00eda de Organizaci\u00f3n y Propaganda qued\u00f3 Araceli Vallejo.<br>En la Secretar\u00eda de Finanzas se nombr\u00f3 a Carlos Sarmiento.<br>Se est\u00e1n creando delegaciones donde se designar\u00e1 a mujeres de nuestra organizaci\u00f3n como en Ciudad del Carmen.<br>Se nombrara a otra mujer para la Delegaci\u00f3n de Para\u00edso.<br>En Mazatl\u00e1n esta a cargo de la Delegaci\u00f3n la compa\u00f1era Teresa \u00c1vila.<br>Se designar\u00e1 otra mujer a la Delegaci\u00f3n del Puerto de la Paz.<br>Vamos a tratar de integrar a m\u00e1s mujeres al Comit\u00e9 Ejecutivo Nacional y en delegaciones de los puertos del pa\u00eds sostuvo el dirigente sindical.<br><br><br><br><br><br><br><br><br><br><br><br><br><br><br><br><br><br><br><br><br><br><br><br><br><br><\/p>\n","protected":false},"excerpt":{"rendered":"<p>Esto se dio por acuerdo de la clase trabajadora y a su gran trabajo realizado al frente de la organizaci\u00f3n.AUSENCIO<\/p>\n","protected":false},"author":2,"featured_media":43455,"comment_status":"open","ping_status":"open","sticky":false,"template":"","format":"standard","meta":{"colormag_page_container_layout":"default_layout","colormag_page_sidebar_layout":"default_layout","footnotes":""},"categories":[2],"tags":[],"class_list":["post-43449","post","type-post","status-publish","format-standard","has-post-thumbnail","hentry","category-infogral"],"_links":{"self":[{"href":"http:\/\/vocesver.com\/noticias\/wp-json\/wp\/v2\/posts\/43449","targetHints":{"allow":["GET"]}}],"collection":[{"href":"http:\/\/vocesver.com\/noticias\/wp-json\/wp\/v2\/posts"}],"about":[{"href":"http:\/\/vocesver.com\/noticias\/wp-json\/wp\/v2\/types\/post"}],"author":[{"embeddable":true,"href":"http:\/\/vocesver.com\/noticias\/wp-json\/wp\/v2\/users\/2"}],"replies":[{"embeddable":true,"href":"http:\/\/vocesver.com\/noticias\/wp-json\/wp\/v2\/comments?post=43449"}],"version-history":[{"count":2,"href":"http:\/\/vocesver.com\/noticias\/wp-json\/wp\/v2\/posts\/43449\/revisions"}],"predecessor-version":[{"id":43454,"href":"http:\/\/vocesver.com\/noticias\/wp-json\/wp\/v2\/posts\/43449\/revisions\/43454"}],"wp:featuredmedia":[{"embeddable":true,"href":"http:\/\/vocesver.com\/noticias\/wp-json\/wp\/v2\/media\/43455"}],"wp:attachment":[{"href":"http:\/\/vocesver.com\/noticias\/wp-json\/wp\/v2\/media?parent=43449"}],"wp:term":[{"taxonomy":"category","embeddable":true,"href":"http:\/\/vocesver.com\/noticias\/wp-json\/wp\/v2\/categories?post=43449"},{"taxonomy":"post_tag","embeddable":true,"href":"http:\/\/vocesver.com\/noticias\/wp-json\/wp\/v2\/tags?post=43449"}],"curies":[{"name":"wp","href":"https:\/\/api.w.org\/{rel}","templated":true}]}}