{"id":43394,"date":"2024-06-04T22:40:00","date_gmt":"2024-06-04T22:40:00","guid":{"rendered":"http:\/\/vocesver.com\/noticias\/?p=43394"},"modified":"2024-06-04T22:42:06","modified_gmt":"2024-06-04T22:42:06","slug":"anuncia-rocio-nahle-inicio-de-la-transicion-y-agradece-a-veracruzanos-y-veracruzanas-la-eleccion-ya-concluyo","status":"publish","type":"post","link":"http:\/\/vocesver.com\/noticias\/anuncia-rocio-nahle-inicio-de-la-transicion-y-agradece-a-veracruzanos-y-veracruzanas-la-eleccion-ya-concluyo\/","title":{"rendered":"ANUNCIA ROC\u00cdO NAHLE INICIO DE LA TRANSICI\u00d3N Y AGRADECE A VERACRUZANOS Y VERACRUZANAS, LA ELECCI\u00d3N YA CONCLUY\u00d3."},"content":{"rendered":"\n<p>^\u201dMi triunfo fue contundente\u201d, asevera.<br>^^Vamos a trabajar para todos y todas, reitera.<br><br><br>AUSENCIO RIVERA\/VOCESVER.COM\/NOTICIAS<br>Boca del R\u00edo, Ver., martes 04 de junio de 2024.- \u201cNuestro triunfo es contundente pero quiero agradecer a todos y a todas quienes han confiado en nuestro proyecto\u201d, afirm\u00f3 la Gobernadora Electa de Veracruz, Roc\u00edo Nahle Garc\u00eda, tras la hist\u00f3rica jornada electoral que le da el triunfo con aproximadamente 2 millones de votos a favor de la coalici\u00f3n \u201cJuntos sigamos haciendo historia\u201d<br><br>Tras el cierre del conteo de actas que se distribuyeron en casi 11 mil casillas instaladas el pasado domingo 2 de junio, Nahle Garc\u00eda se dijo adem\u00e1s satisfecha por la elecci\u00f3n hist\u00f3rica que nuevamente vivi\u00f3 Veracruz a seis a\u00f1os de la llegada de la Cuarta Transformaci\u00f3n a la entidad.<br><br>Nahle Garc\u00eda, emanada de Morena, reiter\u00f3 que encabezar\u00e1 un gobierno para todas y todos por el bien de Veracruz, sin discriminaci\u00f3n, equitativo e inclusivo \u201cpara todos, para los 8 millones 062 mil veracruzanos que est\u00e1n en territorio\u201d, puntualiz\u00f3.<br><br>Igualmente, reconoci\u00f3 a los funcionarios y ciudadanos que estuvieron a cargo de esta jornada electoral as\u00ed como representantes e integrantes de los partidos pol\u00edticos que cuidaron el voto y la elecci\u00f3n.<br><br>\u201cHicieron un gran trabajo, muchas, muchas gracias, no les vamos a fallar, vamos a trabajar\u201d, enfatiz\u00f3.<br><br>Agreg\u00f3 que en estos seis meses pr\u00f3ximos se llevar\u00e1 a cabo una transici\u00f3n puntual y ordenada donde las autoridades estatales encabezadas por el gobernador Cuitlahuac Garc\u00eda y su equip, acordar\u00e1n la entrega-recepci\u00f3n.<br><br>\u201cMuchas, muchas gracias a todos y todas ustedes, no les voy a fallar\u201d, asegur\u00f3 Nahle Garc\u00eda.<br><br><br><br><br><br><br><br><br><br><br><br><br><br><br><br><br><br><br><br><br><br><br><\/p>\n","protected":false},"excerpt":{"rendered":"<p>^\u201dMi triunfo fue contundente\u201d, asevera.^^Vamos a trabajar para todos y todas, reitera. AUSENCIO RIVERA\/VOCESVER.COM\/NOTICIASBoca del R\u00edo, Ver., martes 04 de<\/p>\n","protected":false},"author":2,"featured_media":43401,"comment_status":"open","ping_status":"open","sticky":false,"template":"","format":"standard","meta":{"colormag_page_container_layout":"default_layout","colormag_page_sidebar_layout":"default_layout","footnotes":""},"categories":[2],"tags":[],"class_list":["post-43394","post","type-post","status-publish","format-standard","has-post-thumbnail","hentry","category-infogral"],"_links":{"self":[{"href":"http:\/\/vocesver.com\/noticias\/wp-json\/wp\/v2\/posts\/43394","targetHints":{"allow":["GET"]}}],"collection":[{"href":"http:\/\/vocesver.com\/noticias\/wp-json\/wp\/v2\/posts"}],"about":[{"href":"http:\/\/vocesver.com\/noticias\/wp-json\/wp\/v2\/types\/post"}],"author":[{"embeddable":true,"href":"http:\/\/vocesver.com\/noticias\/wp-json\/wp\/v2\/users\/2"}],"replies":[{"embeddable":true,"href":"http:\/\/vocesver.com\/noticias\/wp-json\/wp\/v2\/comments?post=43394"}],"version-history":[{"count":2,"href":"http:\/\/vocesver.com\/noticias\/wp-json\/wp\/v2\/posts\/43394\/revisions"}],"predecessor-version":[{"id":43400,"href":"http:\/\/vocesver.com\/noticias\/wp-json\/wp\/v2\/posts\/43394\/revisions\/43400"}],"wp:featuredmedia":[{"embeddable":true,"href":"http:\/\/vocesver.com\/noticias\/wp-json\/wp\/v2\/media\/43401"}],"wp:attachment":[{"href":"http:\/\/vocesver.com\/noticias\/wp-json\/wp\/v2\/media?parent=43394"}],"wp:term":[{"taxonomy":"category","embeddable":true,"href":"http:\/\/vocesver.com\/noticias\/wp-json\/wp\/v2\/categories?post=43394"},{"taxonomy":"post_tag","embeddable":true,"href":"http:\/\/vocesver.com\/noticias\/wp-json\/wp\/v2\/tags?post=43394"}],"curies":[{"name":"wp","href":"https:\/\/api.w.org\/{rel}","templated":true}]}}