{"id":43390,"date":"2024-06-04T22:27:54","date_gmt":"2024-06-04T22:27:54","guid":{"rendered":"http:\/\/vocesver.com\/noticias\/?p=43390"},"modified":"2024-06-04T22:32:15","modified_gmt":"2024-06-04T22:32:15","slug":"que-cfe-destine-mas-recursos-para-la-compra-de-cable-de-cobre-y-mas-transformadoresmrd","status":"publish","type":"post","link":"http:\/\/vocesver.com\/noticias\/que-cfe-destine-mas-recursos-para-la-compra-de-cable-de-cobre-y-mas-transformadoresmrd\/","title":{"rendered":"QUE CFE DESTINE M\u00c1S RECURSOS PARA LA COMPRA DE CABLE  DE COBRE Y MAS TRANSFORMADORES:MRD"},"content":{"rendered":"\n<p>La poblaci\u00f3n ha crecido demasiado en la regi\u00f3n de Veracruz.<br><br><br>AUSENCIO RIVERA\/VOCESVER.COM\/NOTICIAS<br><br>Veracruz,Ver,. a  4 de Junio 202.4.-Aunque la Comisi\u00f3n Federal de Electricidad(CFE)ha invertido en este a\u00f1o en la compra de  m\u00e1s de 300 transformadores, el presidente del Movimiento Renovador Democr\u00e1tico Marco Antonio Moncayo Parra reconoci\u00f3 que se requiere una inversi\u00f3n mucho mayor debido al acelerado crecimiento de la poblaci\u00f3n.<br><br>En conferencia de medios dijo que si se toma en cuenta que  estos transformadores se comprar\u00f3n para Medell\u00edn,Boca  del R\u00edo, Piedras Negras se da uno  cuenta que la derrama econ\u00f3mica no es suficiente.<br><br>Record\u00f3 que el a\u00f1o pasado se comprar\u00f3n 125  transformadores y se cerr\u00f3 el a\u00f1o con la compra de 350 unidades lleg\u00e1ndose a regularizar algunas zonas de Veraruz.<br>Lamentablemente sigue creciendo la poblaci\u00f3n y por lo mismo decimos que se requiere que la Comisi\u00f3n Federal de Electricidad(CFE) realice una mayor inversi\u00f3n en la compra de m\u00e1s transformadores, se implemente un plan para regularizar a los \u00abcolgados\u00bb y se compre m\u00e1s cables de cobre para sustituir al de aluminio.<br><br><br><br><br><br><br><br><br><br><br><br><br><br><br><\/p>\n","protected":false},"excerpt":{"rendered":"<p>La poblaci\u00f3n ha crecido demasiado en la regi\u00f3n de Veracruz. AUSENCIO RIVERA\/VOCESVER.COM\/NOTICIAS Veracruz,Ver,. a 4 de Junio 202.4.-Aunque la Comisi\u00f3n<\/p>\n","protected":false},"author":2,"featured_media":43397,"comment_status":"open","ping_status":"open","sticky":false,"template":"","format":"standard","meta":{"colormag_page_container_layout":"default_layout","colormag_page_sidebar_layout":"default_layout","footnotes":""},"categories":[2],"tags":[],"class_list":["post-43390","post","type-post","status-publish","format-standard","has-post-thumbnail","hentry","category-infogral"],"_links":{"self":[{"href":"http:\/\/vocesver.com\/noticias\/wp-json\/wp\/v2\/posts\/43390","targetHints":{"allow":["GET"]}}],"collection":[{"href":"http:\/\/vocesver.com\/noticias\/wp-json\/wp\/v2\/posts"}],"about":[{"href":"http:\/\/vocesver.com\/noticias\/wp-json\/wp\/v2\/types\/post"}],"author":[{"embeddable":true,"href":"http:\/\/vocesver.com\/noticias\/wp-json\/wp\/v2\/users\/2"}],"replies":[{"embeddable":true,"href":"http:\/\/vocesver.com\/noticias\/wp-json\/wp\/v2\/comments?post=43390"}],"version-history":[{"count":2,"href":"http:\/\/vocesver.com\/noticias\/wp-json\/wp\/v2\/posts\/43390\/revisions"}],"predecessor-version":[{"id":43395,"href":"http:\/\/vocesver.com\/noticias\/wp-json\/wp\/v2\/posts\/43390\/revisions\/43395"}],"wp:featuredmedia":[{"embeddable":true,"href":"http:\/\/vocesver.com\/noticias\/wp-json\/wp\/v2\/media\/43397"}],"wp:attachment":[{"href":"http:\/\/vocesver.com\/noticias\/wp-json\/wp\/v2\/media?parent=43390"}],"wp:term":[{"taxonomy":"category","embeddable":true,"href":"http:\/\/vocesver.com\/noticias\/wp-json\/wp\/v2\/categories?post=43390"},{"taxonomy":"post_tag","embeddable":true,"href":"http:\/\/vocesver.com\/noticias\/wp-json\/wp\/v2\/tags?post=43390"}],"curies":[{"name":"wp","href":"https:\/\/api.w.org\/{rel}","templated":true}]}}