{"id":43385,"date":"2024-06-04T21:59:09","date_gmt":"2024-06-04T21:59:09","guid":{"rendered":"http:\/\/vocesver.com\/noticias\/?p=43385"},"modified":"2024-06-04T22:01:04","modified_gmt":"2024-06-04T22:01:04","slug":"fatev-brinda-todo-el-apoy0-a-la-familia-marinera","status":"publish","type":"post","link":"http:\/\/vocesver.com\/noticias\/fatev-brinda-todo-el-apoy0-a-la-familia-marinera\/","title":{"rendered":"FATEV BRINDA TODO EL APOY0 A LA FAMILIA MARINERA."},"content":{"rendered":"\n<p><br>Esto lo anuncio en el marco  de la Celebraci\u00f3n del Dia Nacional de la Marina Mercante.<br><br>Ausencio Rivera\/Vocesver.com\/noticias<br>Veracruz, Ver. A 4 de Junio 2024.. La Federaci\u00f3n Aut\u00e9ntica de Trabajadores del Estado de Veracruz (FATEV) no solo acude en los momentos de festejo, sino tambi\u00e9n est\u00e1 presente en los momentos de gesti\u00f3n social y de apoyo a la clase trabajadora. Asi se expres\u00f3 Jos\u00e9 Luis Enr\u00edquez Ambell dirigente estatal de esta Federaci\u00f3n tras acudir como invitado especial ala celebraci\u00f3n del D\u00eda de la Marina Mercante Nacional que se llev\u00f3 a cabo en las instalaciones de la. Uni\u00f3n Nacional de Marineros del Puerto de Veracruz.<br>\u00abSiempre que nos convoque el dirigente de la Uni\u00f3n Nacional de Marineros Honorio Alberto Galv\u00e1n Aguilar estaremos aqu\u00ed d\u00e1ndole todo el apoyo a la familia marinera conformada por diversas varias vertientes de Trabajadores.<br>Asimismo el dirigente Sindical manifest\u00f3 que la Federaci\u00f3n Aut\u00e9ntica de Trabajadores del Estado de Veracruz les brinda todo e apoyo a la Uni\u00f3n Nacional de Marineros del Puerto de Veracruz.<br><br><br><br><br><br><br><br><br><br><br><br><br><br><br><br><br><br><br><br><br><br><br><br><br><\/p>\n","protected":false},"excerpt":{"rendered":"<p>Esto lo anuncio en el marco de la Celebraci\u00f3n del Dia Nacional de la Marina Mercante. Ausencio Rivera\/Vocesver.com\/noticiasVeracruz, Ver. A<\/p>\n","protected":false},"author":2,"featured_media":43392,"comment_status":"open","ping_status":"open","sticky":false,"template":"","format":"standard","meta":{"colormag_page_container_layout":"default_layout","colormag_page_sidebar_layout":"default_layout","footnotes":""},"categories":[2],"tags":[],"class_list":["post-43385","post","type-post","status-publish","format-standard","has-post-thumbnail","hentry","category-infogral"],"_links":{"self":[{"href":"http:\/\/vocesver.com\/noticias\/wp-json\/wp\/v2\/posts\/43385","targetHints":{"allow":["GET"]}}],"collection":[{"href":"http:\/\/vocesver.com\/noticias\/wp-json\/wp\/v2\/posts"}],"about":[{"href":"http:\/\/vocesver.com\/noticias\/wp-json\/wp\/v2\/types\/post"}],"author":[{"embeddable":true,"href":"http:\/\/vocesver.com\/noticias\/wp-json\/wp\/v2\/users\/2"}],"replies":[{"embeddable":true,"href":"http:\/\/vocesver.com\/noticias\/wp-json\/wp\/v2\/comments?post=43385"}],"version-history":[{"count":2,"href":"http:\/\/vocesver.com\/noticias\/wp-json\/wp\/v2\/posts\/43385\/revisions"}],"predecessor-version":[{"id":43391,"href":"http:\/\/vocesver.com\/noticias\/wp-json\/wp\/v2\/posts\/43385\/revisions\/43391"}],"wp:featuredmedia":[{"embeddable":true,"href":"http:\/\/vocesver.com\/noticias\/wp-json\/wp\/v2\/media\/43392"}],"wp:attachment":[{"href":"http:\/\/vocesver.com\/noticias\/wp-json\/wp\/v2\/media?parent=43385"}],"wp:term":[{"taxonomy":"category","embeddable":true,"href":"http:\/\/vocesver.com\/noticias\/wp-json\/wp\/v2\/categories?post=43385"},{"taxonomy":"post_tag","embeddable":true,"href":"http:\/\/vocesver.com\/noticias\/wp-json\/wp\/v2\/tags?post=43385"}],"curies":[{"name":"wp","href":"https:\/\/api.w.org\/{rel}","templated":true}]}}