{"id":43377,"date":"2024-06-04T00:17:16","date_gmt":"2024-06-04T00:17:16","guid":{"rendered":"http:\/\/vocesver.com\/noticias\/?p=43377"},"modified":"2024-06-04T00:21:33","modified_gmt":"2024-06-04T00:21:33","slug":"que-todos-los-trabajadores-busquen-el-apoyo-de-los-sindicatos-legitimosgalvan-aguilar","status":"publish","type":"post","link":"http:\/\/vocesver.com\/noticias\/que-todos-los-trabajadores-busquen-el-apoyo-de-los-sindicatos-legitimosgalvan-aguilar\/","title":{"rendered":"QUE TODOS LOS TRABAJADORES BUSQUEN EL APOYO DE LOS SINDICATOS LEG\u00cdTIMOS:GALV\u00c1N AGUILAR."},"content":{"rendered":"\n<p><br><br><br>El llamado se dio en el marco de la celebraci\u00f3n del D\u00eda de la Marina Mercante Nacional,<\/p>\n\n\n\n<p> evento al que acudieron decenas de trabajadores y sus familias.<br><br>En la lucha se encuentran unidos diversos sindicatos nacionales:Maquinistas, Orden M\u00e9xicana y la Uni\u00f3n Nacional de Marineros<br><br><br>AUSENCIO RIVERA\/VOCESVER.COM\/NOTICIAS<br>Veracruz;Ver,. a 3 de Junio 2024.-El secretario General de la Uni\u00f3n Nacional de Marineros del Puerto de Veracruz,Honorio A,Galv\u00e1n Aguillar exhort\u00f3 a todos los trabajadores del pa\u00eds a organizarse y a que no se queden fuera de los sindicatos. Sobre todo busquen el apoyo de los sindicatos leg\u00edtimos.<br>Este exhort\u00f3 lo hizo el dirigente sindical en el marco de la celebraci\u00f3n del D\u00eda Nacional de la Marina Mercante  que se llev\u00f3 a cabo en las instalaciones de esta organizaci\u00f3n obrera y que \u00e9sta vez cont\u00f3 con la presencia del dirigente estatal de la FATEV Jos\u00e9 Luis Enriquez Ambell.<br>Explic\u00f3 que actualmente est\u00e1n en esta lucha varios sindicatos nacionales inclu\u00eddos los tres de Veracruz:Sindicato de Maquinistas, la Orden Mexicana y la Uni\u00f3n Nacional de Marineros. Todos nos encontramos unidos para mejorar las condiciones de vida y trabajo de nuestra gente que labora en los barcos. <br>Los tres somos sindicatos muy  confiables \u00abestamos todos viendo hacia el horizonte con el mismo objetivo que es la de tratar de mejorar las condiciones de la gente de Mar.\u00bb<br>Las modificaciones y enmiendas a la Ley Federal de Trabajo dan pauta y un poder\u00edo a los sindicatos y sobretodo a los trabajadores para que empiecen con m\u00e1s confianza a defender sus derechos \u00abporque ahora con la creaci\u00f3n de los  tribunales laborales, todo ha sido una medida muy provechosa para los trabajadores y de mucho beneficio\u00bb<br>Yo creo que ahora es el momento de unirse m\u00e1s para empezar a defender sus derechos laborales, sobre todo a no dejarse de las compa\u00f1\u00edas abusivas.<br>Incluso pueden organizarse en sindicatos propios que tengan metas similares a los sindicatos que ya tenemos a\u00f1os de estar debidamente integrados.<br>De todas maneras aqu\u00ed tenemos las puertas abiertas para todo aquel trabajador que quiera afiliarse a notros y lo mismo ocurre con los sindicatos antes mencionas y que ya tiene a\u00f1os de estar legalmente constitu\u00eddos.<br>Finalmente el dirigente sindical deseo un feliz d\u00eda a todo el personal del sector mar\u00edtimo y a todos los involucrados en la industria mar\u00edtima. No solo los que laboramos en embarcaciones sino a todos aquellos trabajadores que labora en tierra desempe\u00f1ado diversos cargos en el \u00e1mbito mar\u00edtimo.<br><br><br><br><br><br><br><br><br><br><br><br><br><br><br><br><br><br><br><br><br><br><\/p>\n","protected":false},"excerpt":{"rendered":"<p>El llamado se dio en el marco de la celebraci\u00f3n del D\u00eda de la Marina Mercante Nacional, evento al que<\/p>\n","protected":false},"author":2,"featured_media":43383,"comment_status":"open","ping_status":"open","sticky":false,"template":"","format":"standard","meta":{"colormag_page_container_layout":"default_layout","colormag_page_sidebar_layout":"default_layout","footnotes":""},"categories":[2],"tags":[],"class_list":["post-43377","post","type-post","status-publish","format-standard","has-post-thumbnail","hentry","category-infogral"],"_links":{"self":[{"href":"http:\/\/vocesver.com\/noticias\/wp-json\/wp\/v2\/posts\/43377","targetHints":{"allow":["GET"]}}],"collection":[{"href":"http:\/\/vocesver.com\/noticias\/wp-json\/wp\/v2\/posts"}],"about":[{"href":"http:\/\/vocesver.com\/noticias\/wp-json\/wp\/v2\/types\/post"}],"author":[{"embeddable":true,"href":"http:\/\/vocesver.com\/noticias\/wp-json\/wp\/v2\/users\/2"}],"replies":[{"embeddable":true,"href":"http:\/\/vocesver.com\/noticias\/wp-json\/wp\/v2\/comments?post=43377"}],"version-history":[{"count":2,"href":"http:\/\/vocesver.com\/noticias\/wp-json\/wp\/v2\/posts\/43377\/revisions"}],"predecessor-version":[{"id":43382,"href":"http:\/\/vocesver.com\/noticias\/wp-json\/wp\/v2\/posts\/43377\/revisions\/43382"}],"wp:featuredmedia":[{"embeddable":true,"href":"http:\/\/vocesver.com\/noticias\/wp-json\/wp\/v2\/media\/43383"}],"wp:attachment":[{"href":"http:\/\/vocesver.com\/noticias\/wp-json\/wp\/v2\/media?parent=43377"}],"wp:term":[{"taxonomy":"category","embeddable":true,"href":"http:\/\/vocesver.com\/noticias\/wp-json\/wp\/v2\/categories?post=43377"},{"taxonomy":"post_tag","embeddable":true,"href":"http:\/\/vocesver.com\/noticias\/wp-json\/wp\/v2\/tags?post=43377"}],"curies":[{"name":"wp","href":"https:\/\/api.w.org\/{rel}","templated":true}]}}