{"id":43297,"date":"2024-05-26T03:54:17","date_gmt":"2024-05-26T03:54:17","guid":{"rendered":"http:\/\/vocesver.com\/noticias\/?p=43297"},"modified":"2024-05-26T04:06:56","modified_gmt":"2024-05-26T04:06:56","slug":"pronostico-de-las-votaciones-de-este-2024","status":"publish","type":"post","link":"http:\/\/vocesver.com\/noticias\/pronostico-de-las-votaciones-de-este-2024\/","title":{"rendered":"PRON\u00d3STICO DE LAS VOTACIONES DE ESTE 2024"},"content":{"rendered":"\n<p><br><br>REDACCION\/VOCESVER.COM\/NOTICIAS<br><br>CDMX.-A 25 de Mayo 2024.- A escasos d\u00edas de las votaciones del pr\u00f3ximo 2 de junio, este es el pron\u00f3stico que se tiene en M\u00e9xico,.<br>De acuerdo con el pron\u00f3stico en la Elecci\u00f3n Presidencial de M\u00e9xico Morena obtiene una votaci\u00f3n del 40.44 por ciento, mientras que la Alianza el pron\u00f3stico es de un 47. 82 %. Movimiento Ciudadano 7.63 por ciento, Voto nulo 4.12 %.<br>En base al escenario que se dar\u00e1 en este proceso electora la Alianza gana el Estado de Veracruz.<br><br><br><br><br><br><br><br><br><br><br><br><br><br><br><br><br><br><br><br><br><br><br><br><br><br><br><\/p>\n","protected":false},"excerpt":{"rendered":"<p>REDACCION\/VOCESVER.COM\/NOTICIAS CDMX.-A 25 de Mayo 2024.- A escasos d\u00edas de las votaciones del pr\u00f3ximo 2 de junio, este es el<\/p>\n","protected":false},"author":2,"featured_media":43305,"comment_status":"open","ping_status":"open","sticky":false,"template":"","format":"standard","meta":{"colormag_page_container_layout":"default_layout","colormag_page_sidebar_layout":"default_layout","footnotes":""},"categories":[5],"tags":[],"class_list":["post-43297","post","type-post","status-publish","format-standard","has-post-thumbnail","hentry","category-nacional"],"_links":{"self":[{"href":"http:\/\/vocesver.com\/noticias\/wp-json\/wp\/v2\/posts\/43297","targetHints":{"allow":["GET"]}}],"collection":[{"href":"http:\/\/vocesver.com\/noticias\/wp-json\/wp\/v2\/posts"}],"about":[{"href":"http:\/\/vocesver.com\/noticias\/wp-json\/wp\/v2\/types\/post"}],"author":[{"embeddable":true,"href":"http:\/\/vocesver.com\/noticias\/wp-json\/wp\/v2\/users\/2"}],"replies":[{"embeddable":true,"href":"http:\/\/vocesver.com\/noticias\/wp-json\/wp\/v2\/comments?post=43297"}],"version-history":[{"count":4,"href":"http:\/\/vocesver.com\/noticias\/wp-json\/wp\/v2\/posts\/43297\/revisions"}],"predecessor-version":[{"id":43308,"href":"http:\/\/vocesver.com\/noticias\/wp-json\/wp\/v2\/posts\/43297\/revisions\/43308"}],"wp:featuredmedia":[{"embeddable":true,"href":"http:\/\/vocesver.com\/noticias\/wp-json\/wp\/v2\/media\/43305"}],"wp:attachment":[{"href":"http:\/\/vocesver.com\/noticias\/wp-json\/wp\/v2\/media?parent=43297"}],"wp:term":[{"taxonomy":"category","embeddable":true,"href":"http:\/\/vocesver.com\/noticias\/wp-json\/wp\/v2\/categories?post=43297"},{"taxonomy":"post_tag","embeddable":true,"href":"http:\/\/vocesver.com\/noticias\/wp-json\/wp\/v2\/tags?post=43297"}],"curies":[{"name":"wp","href":"https:\/\/api.w.org\/{rel}","templated":true}]}}