{"id":42071,"date":"2024-01-10T22:19:50","date_gmt":"2024-01-10T22:19:50","guid":{"rendered":"http:\/\/vocesver.com\/noticias\/?p=42071"},"modified":"2024-01-10T22:26:23","modified_gmt":"2024-01-10T22:26:23","slug":"el-moci-inicia-el-ano-con-un-planton-en-ayuntamiento-de-veracruz","status":"publish","type":"post","link":"http:\/\/vocesver.com\/noticias\/el-moci-inicia-el-ano-con-un-planton-en-ayuntamiento-de-veracruz\/","title":{"rendered":"EL \u00abMOCI\u00bb INICIA EL A\u00d1O CON UN PLANT\u00d3N EN AYUNTAMIENTO DE VERACRUZ."},"content":{"rendered":"\n<p><br><br>Exigen tarifas justas de agua para el pueblo y agua totalmente limpia.<br><br>Se reunir\u00e1n con autoridades el pr\u00f3ximo jueves para firmar una minuta. <br><br>AUSENCIO RIVERA\/VOCESVER.COM\/NOTICIAS<br><br>Veracruz,Ver.- a 10 de Enero 202.-  Inici\u00f3 el a\u00f1o y con ello tambi\u00e9n iniciar\u00f3n las protestas contra los abusos del Grupo Mas de la zona Conurbada Veracruz-Boca del R\u00edo.<br>Esta vez el presidente del Movimiento Civilista Independiente(MOCI)Oliver Olmos Cabrera encabez\u00f3 un plant\u00f3n en la entrada principal del Palacio Municipal que se prolong\u00f3 por m\u00e1s de una hora.<br>Acompa\u00f1ado del activista social del norte de la Ciudad de Veracruz Silas Resendiz Vazquez y otros miembros del MOCI los inconformes explicar\u00f3n que el motivo de su protesta era que exigen al Ayuntamiento de Veracruz, al Congreso del Estado y al IMA su intervenci\u00f3n para que el pueblo veracruzano pague tarifas justas del agua,se acaben los cobros excecivos  y sobre todo que los usuarios reciban agua limpia y no tan sucia como actualmente sucede.<br>Los quejosos agregar\u00f3n tambi\u00e9n exigimos las modificaciones del cobro de las tarifas del agua.<br>Los manifestantes tambi\u00e9n pidieron que la alcaldesa Patricia Lobeira de Yunes se sume a la propuesta del presidente de Medell\u00edn de Bravo en el sentido de que los ciudadanos de esa demarcaci\u00f3n pagar\u00e1n una tarifa baja y accesible.<br><br>Cabe mencionar que los manifestantes fueron atendidos por autoridades municipales quienes se comprometierom a darles una respuesta favorable a sus demandas el pr\u00f3ximo jueves. <\/p>\n\n\n\n<p>Incluso adelantar\u00f3n que no descartan con la firma una minuta donde todos los quejosos  est\u00e9n de acuerdo con las autoridades, mismo que dar\u00e1n a conocer en su oportunidad.<br><br><br><br><br><br><br><br><br><br><br><br><br><br><br><br><br><br><\/p>\n","protected":false},"excerpt":{"rendered":"<p>Exigen tarifas justas de agua para el pueblo y agua totalmente limpia. Se reunir\u00e1n con autoridades el pr\u00f3ximo jueves para<\/p>\n","protected":false},"author":2,"featured_media":42079,"comment_status":"open","ping_status":"open","sticky":false,"template":"","format":"standard","meta":{"colormag_page_container_layout":"default_layout","colormag_page_sidebar_layout":"default_layout","footnotes":""},"categories":[2],"tags":[],"class_list":["post-42071","post","type-post","status-publish","format-standard","has-post-thumbnail","hentry","category-infogral"],"_links":{"self":[{"href":"http:\/\/vocesver.com\/noticias\/wp-json\/wp\/v2\/posts\/42071","targetHints":{"allow":["GET"]}}],"collection":[{"href":"http:\/\/vocesver.com\/noticias\/wp-json\/wp\/v2\/posts"}],"about":[{"href":"http:\/\/vocesver.com\/noticias\/wp-json\/wp\/v2\/types\/post"}],"author":[{"embeddable":true,"href":"http:\/\/vocesver.com\/noticias\/wp-json\/wp\/v2\/users\/2"}],"replies":[{"embeddable":true,"href":"http:\/\/vocesver.com\/noticias\/wp-json\/wp\/v2\/comments?post=42071"}],"version-history":[{"count":3,"href":"http:\/\/vocesver.com\/noticias\/wp-json\/wp\/v2\/posts\/42071\/revisions"}],"predecessor-version":[{"id":42081,"href":"http:\/\/vocesver.com\/noticias\/wp-json\/wp\/v2\/posts\/42071\/revisions\/42081"}],"wp:featuredmedia":[{"embeddable":true,"href":"http:\/\/vocesver.com\/noticias\/wp-json\/wp\/v2\/media\/42079"}],"wp:attachment":[{"href":"http:\/\/vocesver.com\/noticias\/wp-json\/wp\/v2\/media?parent=42071"}],"wp:term":[{"taxonomy":"category","embeddable":true,"href":"http:\/\/vocesver.com\/noticias\/wp-json\/wp\/v2\/categories?post=42071"},{"taxonomy":"post_tag","embeddable":true,"href":"http:\/\/vocesver.com\/noticias\/wp-json\/wp\/v2\/tags?post=42071"}],"curies":[{"name":"wp","href":"https:\/\/api.w.org\/{rel}","templated":true}]}}