{"id":41904,"date":"2023-12-23T20:36:50","date_gmt":"2023-12-23T20:36:50","guid":{"rendered":"http:\/\/vocesver.com\/noticias\/?p=41904"},"modified":"2023-12-23T20:38:02","modified_gmt":"2023-12-23T20:38:02","slug":"aldo-perez-insiste-en-que-morena-deje-fuera-a-los-politicos-reciclados","status":"publish","type":"post","link":"http:\/\/vocesver.com\/noticias\/aldo-perez-insiste-en-que-morena-deje-fuera-a-los-politicos-reciclados\/","title":{"rendered":"ALDO P\u00c9REZ INSISTE EN QUE MORENA DEJE FUERA A LOS POLITICOS RECICLADOS."},"content":{"rendered":"\n<p><br>Esos personajes no vienen a servirle al pueblo, viene a ver que se llevan, traen un negro historial que se contrapone a los principios de MORENA.<br><br>AUSENCIO RIVERA\/VOCESVER.COM\/NOTICIAS<br><br><br>Veracruz;Ver,. a 23 de Diciembre 2023.-El ex regidor porte\u00f1o y simpatzante de Movimiento de Regeneraci\u00f3n Nacional(MORENA)Jos\u00e9 F\u00e9lix Aldo P\u00e9rez Hern\u00e1ndez se pronunci\u00f3 una vez m\u00e1s  porque la Comisi\u00f3n de Elecciones de dicho partido y la misma dirigencia nacional no permita el reciclaje pol\u00edtico ya que eso perjudica a las nuevas generaciones de militantes.<br>Entrevistado la ma\u00f1ana de este s\u00e1bado dijo que actualmente existe un sinn\u00famero de \u00abpol\u00edticos reciclados\u00bb que van a participar en este proceso electoral como candidatos a dIputados Locales y Federales despilarrando recursos para comprar voluntades y as\u00ed obtener los cargos.<br>Aunque yo si veo bien que Moreana sea un partido plural ya que le da cabida a gente que viene de otros partidos como:PRI;PAN;PRD)entre otros, lo que no se vale es que estos personajes que arrastran un negro historial se les de prioridad en los cargos por el solo hecho de contar con una gran fortuna.<br>Destac\u00f3 que los ciudadanos piden que haya un relevo generacional donde en estos espacios pol\u00edticos se le d\u00e9 prioridad a la gente j\u00f3ven como al compa\u00f1ero Manuel Rogel que es un gran elemento de lucha y que no pasa de los 30 a\u00f1os.<br>P\u00e9rez Hern\u00e1ndez insisti\u00f3 en que se le de prioridad a estos compa\u00f1eros y se hagan a un lado a los pol\u00edticos reciclados \u00abque no porque traigan muchos recursos se les permita que estos compren las candidaturas las cuales no se deben de comprar, al contrario \u00e9stas se deben de ganar a trav\u00e9s del voto ciudadano. El entrevistado pidi\u00f3 a la Comisi\u00f3n de Elecciones de Morena y al mismo dirigente nacional Mario Delgado se fijen m\u00e1s en los compa\u00f1eros que realmente luchan por el beneficio del pueblo y no de aquellos que solo busca esos puestos para satisfacer sus intereses personales.<br>Reconoci\u00f3 que muchos de los pol\u00edticos reciclados se han visto envueltos en actos de corrupci\u00f3n y desgraciadamente nadie los puede mover porque alguien los protege.<br>Se\u00f1al\u00f3 que si estos personajes quieren ocupar cargos con las siglas de MORENA que primero hagan fila y mientras tanto que se le de prioridad a la gente j\u00f3ven.<br>Denunci\u00f3 que actualmente un \u00abinfluencer\u00bb anda regalando despensas y dinero para obtener una diputaci\u00f3n local y eso no se debe permitir por la Comisi\u00f3n de Elecciones ya que ese sujeto est\u00e1 lucrando con la pobreza del pueblo.<br>Adem\u00e1s sabemos que ese personaje vendi\u00f3 al Grupo Mas cuando \u00e9ste fungi\u00f3 como director y ahora las consecuencias de altas tarifas de agua la est\u00e1 pagando la ciudadan\u00eda.<br><br><br><br><br><br><br><br><br><br><br><br><br><br><br><br><br><br><br><br><br><br><br><br><br><br><br><br><br><\/p>\n","protected":false},"excerpt":{"rendered":"<p>Esos personajes no vienen a servirle al pueblo, viene a ver que se llevan, traen un negro historial que se<\/p>\n","protected":false},"author":2,"featured_media":41910,"comment_status":"open","ping_status":"open","sticky":false,"template":"","format":"standard","meta":{"colormag_page_container_layout":"default_layout","colormag_page_sidebar_layout":"default_layout","footnotes":""},"categories":[2],"tags":[],"class_list":["post-41904","post","type-post","status-publish","format-standard","has-post-thumbnail","hentry","category-infogral"],"_links":{"self":[{"href":"http:\/\/vocesver.com\/noticias\/wp-json\/wp\/v2\/posts\/41904","targetHints":{"allow":["GET"]}}],"collection":[{"href":"http:\/\/vocesver.com\/noticias\/wp-json\/wp\/v2\/posts"}],"about":[{"href":"http:\/\/vocesver.com\/noticias\/wp-json\/wp\/v2\/types\/post"}],"author":[{"embeddable":true,"href":"http:\/\/vocesver.com\/noticias\/wp-json\/wp\/v2\/users\/2"}],"replies":[{"embeddable":true,"href":"http:\/\/vocesver.com\/noticias\/wp-json\/wp\/v2\/comments?post=41904"}],"version-history":[{"count":2,"href":"http:\/\/vocesver.com\/noticias\/wp-json\/wp\/v2\/posts\/41904\/revisions"}],"predecessor-version":[{"id":41909,"href":"http:\/\/vocesver.com\/noticias\/wp-json\/wp\/v2\/posts\/41904\/revisions\/41909"}],"wp:featuredmedia":[{"embeddable":true,"href":"http:\/\/vocesver.com\/noticias\/wp-json\/wp\/v2\/media\/41910"}],"wp:attachment":[{"href":"http:\/\/vocesver.com\/noticias\/wp-json\/wp\/v2\/media?parent=41904"}],"wp:term":[{"taxonomy":"category","embeddable":true,"href":"http:\/\/vocesver.com\/noticias\/wp-json\/wp\/v2\/categories?post=41904"},{"taxonomy":"post_tag","embeddable":true,"href":"http:\/\/vocesver.com\/noticias\/wp-json\/wp\/v2\/tags?post=41904"}],"curies":[{"name":"wp","href":"https:\/\/api.w.org\/{rel}","templated":true}]}}