{"id":41887,"date":"2023-12-22T22:03:11","date_gmt":"2023-12-22T22:03:11","guid":{"rendered":"http:\/\/vocesver.com\/noticias\/?p=41887"},"modified":"2023-12-22T22:06:34","modified_gmt":"2023-12-22T22:06:34","slug":"amlo-el-mejor-presidente-de-mexicolezama-fernandez","status":"publish","type":"post","link":"http:\/\/vocesver.com\/noticias\/amlo-el-mejor-presidente-de-mexicolezama-fernandez\/","title":{"rendered":"AMLO EL MEJOR PRESIDENTE DE MEXICO:LEZAMA FERN\u00c1NDEZ."},"content":{"rendered":"\n<p><br><br><br>Locatarios Independientes le dan una calificaci\u00f3n de 10 a su gesti\u00f3n gubernamental.<br>AUSENCIO RIVERA\/VOCESVER.COM\/NOTICIAS<br>Veracruz,Ver.- A 22 de Diciembre 2023.-Locatarios Independientes de los Mercados de Veracruz felicitan al Presidente de la Rep\u00fablica Licenciado Andr\u00e9s Manuel L\u00f3pez Obrador por sus cinco a\u00f1os de gobierno. <br>Lo anterior lo se\u00f1al\u00f3 Fidel Lezama Fern\u00e1ndez presidente de la Uni\u00f3n de Locatarios quien dijo que AMLO ha sido un gran presidente para el pueblo de M\u00e9xico, el mejor que hayamos tenido durante muchos a\u00f1os.. El actual mandatario de la Naci\u00f3 ha sido un presidente que s\u00ed cumple lo que promete y estamos seguros que Claudia Sheimbaum una vez que gane la presidencia le dar\u00e1 continuidad a sus pol\u00edticas de beneficio social. Destac\u00f3 la conclusi\u00f3n de por los menos 12 obras importantes al  cierre del 2023 habla bien del Presidente.<\/p>\n\n\n\n<p>Obras la de los trenes Maya y del Itsmo de Tehuantepec, as\u00ed como el regreso de la Aerol\u00ednea estatal Mexicana de Aviaci\u00f3n ser\u00e1n de gran beneficio para todos los mexicanos.<br>Por otro lado el entrevistado dijo que los Ejidatarios de San Gabriel Chilac-Puebla esperan que en el  \u00faltimo a\u00f1o de su sexenio dote de agua sus tierras a trav\u00e9s de la Presa de Balsequillo y los r\u00edos que queden cerca.<br>Estosles permitir\u00e1 a los productores de ma\u00edz y ajo incrementar su producci\u00f3n en m\u00e1s del 100 por ciento, pues actualmente tienen serios problemas con el vital l\u00edquido. Estamos seguros que con esta obra cerrar\u00eda su gobierno con broche de oro dijo Fern\u00e1ndez Lezama.<br><br><br><br><br><br><br><br><br><br><br><br><br><br><br><br><br><br><br><br><\/p>\n","protected":false},"excerpt":{"rendered":"<p>Locatarios Independientes le dan una calificaci\u00f3n de 10 a su gesti\u00f3n gubernamental.AUSENCIO RIVERA\/VOCESVER.COM\/NOTICIASVeracruz,Ver.- A 22 de Diciembre 2023.-Locatarios Independientes de<\/p>\n","protected":false},"author":2,"featured_media":41894,"comment_status":"open","ping_status":"open","sticky":false,"template":"","format":"standard","meta":{"colormag_page_container_layout":"default_layout","colormag_page_sidebar_layout":"default_layout","footnotes":""},"categories":[2],"tags":[],"class_list":["post-41887","post","type-post","status-publish","format-standard","has-post-thumbnail","hentry","category-infogral"],"_links":{"self":[{"href":"http:\/\/vocesver.com\/noticias\/wp-json\/wp\/v2\/posts\/41887","targetHints":{"allow":["GET"]}}],"collection":[{"href":"http:\/\/vocesver.com\/noticias\/wp-json\/wp\/v2\/posts"}],"about":[{"href":"http:\/\/vocesver.com\/noticias\/wp-json\/wp\/v2\/types\/post"}],"author":[{"embeddable":true,"href":"http:\/\/vocesver.com\/noticias\/wp-json\/wp\/v2\/users\/2"}],"replies":[{"embeddable":true,"href":"http:\/\/vocesver.com\/noticias\/wp-json\/wp\/v2\/comments?post=41887"}],"version-history":[{"count":2,"href":"http:\/\/vocesver.com\/noticias\/wp-json\/wp\/v2\/posts\/41887\/revisions"}],"predecessor-version":[{"id":41893,"href":"http:\/\/vocesver.com\/noticias\/wp-json\/wp\/v2\/posts\/41887\/revisions\/41893"}],"wp:featuredmedia":[{"embeddable":true,"href":"http:\/\/vocesver.com\/noticias\/wp-json\/wp\/v2\/media\/41894"}],"wp:attachment":[{"href":"http:\/\/vocesver.com\/noticias\/wp-json\/wp\/v2\/media?parent=41887"}],"wp:term":[{"taxonomy":"category","embeddable":true,"href":"http:\/\/vocesver.com\/noticias\/wp-json\/wp\/v2\/categories?post=41887"},{"taxonomy":"post_tag","embeddable":true,"href":"http:\/\/vocesver.com\/noticias\/wp-json\/wp\/v2\/tags?post=41887"}],"curies":[{"name":"wp","href":"https:\/\/api.w.org\/{rel}","templated":true}]}}