{"id":41829,"date":"2023-12-19T22:57:34","date_gmt":"2023-12-19T22:57:34","guid":{"rendered":"http:\/\/vocesver.com\/noticias\/?p=41829"},"modified":"2023-12-19T23:01:02","modified_gmt":"2023-12-19T23:01:02","slug":"la-continuidad-esta-garantizada-con-los-soldados-de-la-transformacion","status":"publish","type":"post","link":"http:\/\/vocesver.com\/noticias\/la-continuidad-esta-garantizada-con-los-soldados-de-la-transformacion\/","title":{"rendered":"LA CONTINUIDAD EST\u00c1 GARANTIZADA CON LOS SOLDADOS DE LA TRANSFORMACI\u00d3N"},"content":{"rendered":"\n<p>REDACCI\u00d3N\/VOCESVER.COM\/NOTICIAS<br><br>Huayacocotla, Ver., martes 19 de noviembre de 2023.- Con el apoyo de la familia, amigos, pareja, vecinos, y con el peri\u00f3dico Regeneraci\u00f3n en mano, el ej\u00e9rcito de la transformaci\u00f3n est\u00e1 firme e informado y garantiza la continuidad del proyecto de naci\u00f3n, asegur\u00f3 la Coordinadora de los Comit\u00e9s de la Defensa de la 4T en Veracruz, Roc\u00edo Nahle Garc\u00eda.<br><br>Record\u00f3 que los integrantes de los 12 mil 500 comit\u00e9s de defensa que se est\u00e1n integrando, son soldados que, gustosos, trabajan para dar continuidad a este progreso transformador en M\u00e9xico el cual solo garantiza la precandidata presidencial de Morena, Claudia Sheinbaum Pardo.<br><br>\u201c\u00bfY qu\u00e9 hacen los comit\u00e9s? Los comit\u00e9s empezamos por nuestra casa, ah\u00ed hablamos con nuestros hijos, hablamos con nuestra pareja, explicarles porque debe continuar la Cuarta Transformaci\u00f3n, por qu\u00e9 ahora, en el 2024 que el presidente L\u00f3pez Obrador se va debe continuar Claudia Sheinbaum\u201d, dijo.<br><br>Es por eso, agreg\u00f3, que como coordinadora de los trabajos a nivel estatal, tiene la alta encomienda de reforzar los comit\u00e9s y escuchar a la militancia y simpatizantes.<br><br>\u201cEn este momento yo tengo la alt\u00edsima responsabilidad de formar los comit\u00e9s en todos los 212 municipios de Veracruz, por eso estoy<br> en todos, en todos, y yo ten\u00eda que venir a Huayacocotla porque llevo como 50 municipios y ten\u00eda que venir antes que inicie la campa\u00f1a\u201d, asegur\u00f3.<br><br>Vivimos, a\u00f1adi\u00f3, en la era de un gobierno humanista, un gobierno transformador que tiene como fin lograr la integraci\u00f3n de la base social en igualdad de circunstancias para todos.<br><br>Asimismo, precis\u00f3 que al interior del movimiento, la unidad deber\u00e1 prevalecer sobre los intereses personales una vez que las candidaturas sean definidas.<br><br><br><br><br><br><br><br><br><br><br><br><br><br><br><br><br><br><br><br><br><br><br><br><br><br><\/p>\n","protected":false},"excerpt":{"rendered":"<p>REDACCI\u00d3N\/VOCESVER.COM\/NOTICIAS Huayacocotla, Ver., martes 19 de noviembre de 2023.- Con el apoyo de la familia, amigos, pareja, vecinos, y con<\/p>\n","protected":false},"author":2,"featured_media":41835,"comment_status":"open","ping_status":"open","sticky":false,"template":"","format":"standard","meta":{"colormag_page_container_layout":"default_layout","colormag_page_sidebar_layout":"default_layout","footnotes":""},"categories":[4],"tags":[],"class_list":["post-41829","post","type-post","status-publish","format-standard","has-post-thumbnail","hentry","category-estatal"],"_links":{"self":[{"href":"http:\/\/vocesver.com\/noticias\/wp-json\/wp\/v2\/posts\/41829","targetHints":{"allow":["GET"]}}],"collection":[{"href":"http:\/\/vocesver.com\/noticias\/wp-json\/wp\/v2\/posts"}],"about":[{"href":"http:\/\/vocesver.com\/noticias\/wp-json\/wp\/v2\/types\/post"}],"author":[{"embeddable":true,"href":"http:\/\/vocesver.com\/noticias\/wp-json\/wp\/v2\/users\/2"}],"replies":[{"embeddable":true,"href":"http:\/\/vocesver.com\/noticias\/wp-json\/wp\/v2\/comments?post=41829"}],"version-history":[{"count":2,"href":"http:\/\/vocesver.com\/noticias\/wp-json\/wp\/v2\/posts\/41829\/revisions"}],"predecessor-version":[{"id":41834,"href":"http:\/\/vocesver.com\/noticias\/wp-json\/wp\/v2\/posts\/41829\/revisions\/41834"}],"wp:featuredmedia":[{"embeddable":true,"href":"http:\/\/vocesver.com\/noticias\/wp-json\/wp\/v2\/media\/41835"}],"wp:attachment":[{"href":"http:\/\/vocesver.com\/noticias\/wp-json\/wp\/v2\/media?parent=41829"}],"wp:term":[{"taxonomy":"category","embeddable":true,"href":"http:\/\/vocesver.com\/noticias\/wp-json\/wp\/v2\/categories?post=41829"},{"taxonomy":"post_tag","embeddable":true,"href":"http:\/\/vocesver.com\/noticias\/wp-json\/wp\/v2\/tags?post=41829"}],"curies":[{"name":"wp","href":"https:\/\/api.w.org\/{rel}","templated":true}]}}