{"id":41825,"date":"2023-12-19T16:35:24","date_gmt":"2023-12-19T16:35:24","guid":{"rendered":"http:\/\/vocesver.com\/noticias\/?p=41825"},"modified":"2023-12-19T16:41:38","modified_gmt":"2023-12-19T16:41:38","slug":"fatev-jleg-edifica-y-construye-trabajo-social-en-la-entidad","status":"publish","type":"post","link":"http:\/\/vocesver.com\/noticias\/fatev-jleg-edifica-y-construye-trabajo-social-en-la-entidad\/","title":{"rendered":"FATEV-JLEG edifica y construye trabajo social en la entidad"},"content":{"rendered":"\n<p>REDACCI\u00d3N\/VOCESVER.COM\/NOTICIAS<br><br>XALAPA,VER,. A 18 DE DICIEMBRE 2023.-En reuni\u00f3n de trabajo y pleno con Secretarios Generales, Presidentes de Uniones as\u00ed como, de Organizaciones Sindicales y Sociales de la Federaci\u00f3n Aut\u00e9ntica de Trabajadores del Estado de Veracruz (FATEV JLEG Reg. Fed. # 5844) tuvo lugar en esta capital veracruzana.<br><br>Adem\u00e1s de haberse refrendado el trabajo con unidad para continuar las tareas sociales y de participaci\u00f3n ciudadana en fortalecimiento a las actividades gremiales ante las instancias de todos los \u00f3rdenes de gobierno y sector privado en favor de adheridos y familias, aprovecharon expresar los mejores deseos de navidad y a\u00f1o nuevo, dijo el Secretario General de la Federaci\u00f3n Aut\u00e9ntica de Trabajadores del Estado (FATEV) Jos\u00e9 Luis Enr\u00edquez Ambell.<br><br>Igualmente los dirigentes Honorio Galv\u00e1n Aguilar Secretario General de la Uni\u00f3n Nacional de Marineros, Jaime Santiago Rojas, dirigente de la Federaci\u00f3n de las Cooperativas Pesqueras de Alvarado, Cap. Faustino Su\u00e1rez, Presidente de la Consultor\u00eda de Profesionistas de la Marina Mercante y Puertos, Nataly Rivera, Dirigente de Transportistas y Comerciantes de la Regi\u00f3n de Misantla, Leopoldo Hern\u00e1ndez de taxistas de Tatahuicapan, y Eudoxio Gonz\u00e1lez del Transporte en Mecayapan, Felix Mortera, dirigente ca\u00f1ero y social en la Regi\u00f3n de Los Tuxtlas, miembros de las Agrupaciones de Profesionistas, Acad\u00e9micos y T\u00e9cnicos en el Estado; M\u00f3nica Olvera, Irasema Palafox, Cuahut\u00e9moc Andrade, H\u00e9ctor Daniel Alvarado, entre otros compa\u00f1eros de Tuxpan, Paso del Macho, Hueyapan de Ocampo, Orizaba, Cosamaloapan y Santiago Tuxtla.<br><br>Los representantes de embotelladores, de los vendedores, comerciantes fijos y semifijos de la regi\u00f3n norte, y transportistas y agricultores en la zona sur y de los Tuxtlas, ofertaron su deseo para que el venidero a\u00f1o los encuentros como ahora tengan sede en sus regiones.<br><br>Coincidieron los presentes que las gestiones y los tr\u00e1mites colectivos continuar\u00e1n a trav\u00e9s de las mesas de trabajo regionales a todo lo largo y ancho del territorio veracruzano, pues la Fatev y su dirigencia estatal cimienta su solidez desde todas las regiones y zonas de la geograf\u00eda del estado mediante los representantes de todas las organizaciones, como desde el origen naci\u00f3, con emoci\u00f3n y pasi\u00f3n por el servicio a trav\u00e9s de Don Jos\u00e9 Luis Enr\u00edquez Gonz\u00e1lez,- QEPD,- y qui\u00e9n promovi\u00f3 el nacimiento de la FATEV.<br><br>INFORMACI\u00d3N DE LA JORNADA XALAPA&#8230;&#8230;<br><br><br><br><br><br><br><br><br><br><br><br><br><br><br><br><br><br><br><br><br><\/p>\n","protected":false},"excerpt":{"rendered":"<p>REDACCI\u00d3N\/VOCESVER.COM\/NOTICIAS XALAPA,VER,. A 18 DE DICIEMBRE 2023.-En reuni\u00f3n de trabajo y pleno con Secretarios Generales, Presidentes de Uniones as\u00ed como,<\/p>\n","protected":false},"author":2,"featured_media":41831,"comment_status":"open","ping_status":"open","sticky":false,"template":"","format":"standard","meta":{"colormag_page_container_layout":"default_layout","colormag_page_sidebar_layout":"default_layout","footnotes":""},"categories":[4],"tags":[],"class_list":["post-41825","post","type-post","status-publish","format-standard","has-post-thumbnail","hentry","category-estatal"],"_links":{"self":[{"href":"http:\/\/vocesver.com\/noticias\/wp-json\/wp\/v2\/posts\/41825","targetHints":{"allow":["GET"]}}],"collection":[{"href":"http:\/\/vocesver.com\/noticias\/wp-json\/wp\/v2\/posts"}],"about":[{"href":"http:\/\/vocesver.com\/noticias\/wp-json\/wp\/v2\/types\/post"}],"author":[{"embeddable":true,"href":"http:\/\/vocesver.com\/noticias\/wp-json\/wp\/v2\/users\/2"}],"replies":[{"embeddable":true,"href":"http:\/\/vocesver.com\/noticias\/wp-json\/wp\/v2\/comments?post=41825"}],"version-history":[{"count":2,"href":"http:\/\/vocesver.com\/noticias\/wp-json\/wp\/v2\/posts\/41825\/revisions"}],"predecessor-version":[{"id":41830,"href":"http:\/\/vocesver.com\/noticias\/wp-json\/wp\/v2\/posts\/41825\/revisions\/41830"}],"wp:featuredmedia":[{"embeddable":true,"href":"http:\/\/vocesver.com\/noticias\/wp-json\/wp\/v2\/media\/41831"}],"wp:attachment":[{"href":"http:\/\/vocesver.com\/noticias\/wp-json\/wp\/v2\/media?parent=41825"}],"wp:term":[{"taxonomy":"category","embeddable":true,"href":"http:\/\/vocesver.com\/noticias\/wp-json\/wp\/v2\/categories?post=41825"},{"taxonomy":"post_tag","embeddable":true,"href":"http:\/\/vocesver.com\/noticias\/wp-json\/wp\/v2\/tags?post=41825"}],"curies":[{"name":"wp","href":"https:\/\/api.w.org\/{rel}","templated":true}]}}