{"id":41798,"date":"2023-12-18T21:09:29","date_gmt":"2023-12-18T21:09:29","guid":{"rendered":"http:\/\/vocesver.com\/noticias\/?p=41798"},"modified":"2023-12-18T21:26:48","modified_gmt":"2023-12-18T21:26:48","slug":"federacion-de-agronomos-felicitan-a-la-alcldesa-de-sayula-de-aleman","status":"publish","type":"post","link":"http:\/\/vocesver.com\/noticias\/federacion-de-agronomos-felicitan-a-la-alcldesa-de-sayula-de-aleman\/","title":{"rendered":"FEDERACI\u00d3N DE AGR\u00d3NOMOS FELICITAN A LA ALCLDESA DE SAYULA DE ALEM\u00c1N."},"content":{"rendered":"\n<p><br>POR SU SEGUNDO A\u00d1O DE GOBIERNO.<br><br><br><br>AUSENCIO RIVERA\/VOCESVER.COM\/NOTICIAS<br><br>Veracruz,Ver.- a 18 de Diciembre 2023.- La Federaci\u00f3n de Cooperativas de Ingenieros Agr\u00f3nomos del Estado de Veracruz A.C. que preside el Ing. Valent\u00edn Garc\u00eda Cantero y el ingeniero Emigdio Baruch Fonseca felicitan a la Presidenta Municipal de Sayula de Alem\u00e1n a la C. Lorena S\u00e1nchez Vargas por su segundo a\u00f1o al frente de este municipio. <br>Toda la directiva de esta federaci\u00f3n se suman a esta felicitaci\u00f3n dese\u00e1ndole a la alcaldesa que sigan los exitos en beneficio de la Ciudadan\u00eda en general.<br><br><br><br><br><br><br><br><br><br><br><br><br><br><br><br><br><br><br><br><br><br><br><br><br><br><br><br><\/p>\n","protected":false},"excerpt":{"rendered":"<p>POR SU SEGUNDO A\u00d1O DE GOBIERNO. AUSENCIO RIVERA\/VOCESVER.COM\/NOTICIAS Veracruz,Ver.- a 18 de Diciembre 2023.- La Federaci\u00f3n de Cooperativas de Ingenieros<\/p>\n","protected":false},"author":2,"featured_media":41804,"comment_status":"open","ping_status":"open","sticky":false,"template":"","format":"standard","meta":{"colormag_page_container_layout":"default_layout","colormag_page_sidebar_layout":"default_layout","footnotes":""},"categories":[2],"tags":[],"class_list":["post-41798","post","type-post","status-publish","format-standard","has-post-thumbnail","hentry","category-infogral"],"_links":{"self":[{"href":"http:\/\/vocesver.com\/noticias\/wp-json\/wp\/v2\/posts\/41798","targetHints":{"allow":["GET"]}}],"collection":[{"href":"http:\/\/vocesver.com\/noticias\/wp-json\/wp\/v2\/posts"}],"about":[{"href":"http:\/\/vocesver.com\/noticias\/wp-json\/wp\/v2\/types\/post"}],"author":[{"embeddable":true,"href":"http:\/\/vocesver.com\/noticias\/wp-json\/wp\/v2\/users\/2"}],"replies":[{"embeddable":true,"href":"http:\/\/vocesver.com\/noticias\/wp-json\/wp\/v2\/comments?post=41798"}],"version-history":[{"count":2,"href":"http:\/\/vocesver.com\/noticias\/wp-json\/wp\/v2\/posts\/41798\/revisions"}],"predecessor-version":[{"id":41803,"href":"http:\/\/vocesver.com\/noticias\/wp-json\/wp\/v2\/posts\/41798\/revisions\/41803"}],"wp:featuredmedia":[{"embeddable":true,"href":"http:\/\/vocesver.com\/noticias\/wp-json\/wp\/v2\/media\/41804"}],"wp:attachment":[{"href":"http:\/\/vocesver.com\/noticias\/wp-json\/wp\/v2\/media?parent=41798"}],"wp:term":[{"taxonomy":"category","embeddable":true,"href":"http:\/\/vocesver.com\/noticias\/wp-json\/wp\/v2\/categories?post=41798"},{"taxonomy":"post_tag","embeddable":true,"href":"http:\/\/vocesver.com\/noticias\/wp-json\/wp\/v2\/tags?post=41798"}],"curies":[{"name":"wp","href":"https:\/\/api.w.org\/{rel}","templated":true}]}}