{"id":41789,"date":"2023-12-16T00:29:16","date_gmt":"2023-12-16T00:29:16","guid":{"rendered":"http:\/\/vocesver.com\/noticias\/?p=41789"},"modified":"2023-12-16T00:31:40","modified_gmt":"2023-12-16T00:31:40","slug":"a-organizacion-clave-para-la-continuidad-de-la-cuarta-transformacion","status":"publish","type":"post","link":"http:\/\/vocesver.com\/noticias\/a-organizacion-clave-para-la-continuidad-de-la-cuarta-transformacion\/","title":{"rendered":"A ORGANIZACI\u00d3N, CLAVE PARA LA CONTINUIDAD DE LA CUARTA TRANSFORMACI\u00d3N."},"content":{"rendered":"\n<p>REDACCI\u00d3N\/VOCESVER.COM\/NOTICIAS<br><br>Jos\u00e9 Cardel, Ver., viernes 15 de diciembre de 2023.- La coordinadora de los Comit\u00e9s de Defensa de la Cuarta Transformaci\u00f3n del estado de Veracruz, Roc\u00edo Nahle Garc\u00eda, afirm\u00f3 que la organizaci\u00f3n es fundamental para lograr que la 4T contin\u00fae en nuestro pa\u00eds y en Veracruz porque un movimiento fracturado y desordenado no podr\u00e1 concretar el proyecto de naci\u00f3n.<br><br>Ante compa\u00f1eros y compa\u00f1eras de Jos\u00e9 Cardel, apunt\u00f3 que no se debe olvidar que la presidencia de la Rep\u00fablica se gan\u00f3 y se defendi\u00f3 en 2018 gracias a que se aprendi\u00f3 la lecci\u00f3n de 2006 y 2012, es decir, contrario a esos procesos, hace cinco a\u00f1os se prepararon para ir juntos en unidad y organizados para defender el triunfo.<br><br>\u201cEn 2006 nos robaron la presidencia de la Rep\u00fablica, y nos la robaron porque no est\u00e1bamos debidamente organizados, en 2012 compraron la presidencia de la Rep\u00fablica la oposici\u00f3n pero nuestro l\u00edder, el presidente L\u00f3pez Obrador, no se cans\u00f3 y  dijo vamos a ir a organizados para llegar a la presidencia en 2018\u201d, puntualiz\u00f3.<br><br>Agreg\u00f3 que hoy por hoy, la Cuarta Transformaci\u00f3n es una realidad que no puede permitir el retroceso o lo que es lo mismo, el regreso del neoliberalismo que se instaur\u00f3 hace 35 a\u00f1os en nuestro pa\u00eds lo que gener\u00f3 el desmantelamiento del estado mexicano.<br><br>Ahora, dijo Nahle Garc\u00eda, es la oportunidad para ratificar el verdadero cambio y consolidar la Cuarta Transformaci\u00f3n, la llamada revoluci\u00f3n de las conciencias que hace cinco a\u00f1os permiti\u00f3 cambiar de r\u00e9gimen y eliminar el neoliberalismo.<br><br> \u201cEsta es una asamblea informativa de militantes y simpatizantes de la Cuarta Transformaci\u00f3n, feliz de estar nuevamente en este municipio de Cardel, en esta localidad hemos caminado y hemos estado varias veces en nuestro movimiento con una presencia muy fuerte aqu\u00ed y hoy dentro de esta asamblea, porque es informativa, es para decir que estamos haciendo, como vamos avanzando en M\u00e9xico y en Veracruz\u201d, enfatiz\u00f3.<br><br><br><br><br><br><br><br><br><br><br><br><br><br><br><br><br><br><br><br><br><br><br><br><\/p>\n","protected":false},"excerpt":{"rendered":"<p>REDACCI\u00d3N\/VOCESVER.COM\/NOTICIAS Jos\u00e9 Cardel, Ver., viernes 15 de diciembre de 2023.- La coordinadora de los Comit\u00e9s de Defensa de la Cuarta<\/p>\n","protected":false},"author":2,"featured_media":41795,"comment_status":"open","ping_status":"open","sticky":false,"template":"","format":"standard","meta":{"colormag_page_container_layout":"default_layout","colormag_page_sidebar_layout":"default_layout","footnotes":""},"categories":[4],"tags":[],"class_list":["post-41789","post","type-post","status-publish","format-standard","has-post-thumbnail","hentry","category-estatal"],"_links":{"self":[{"href":"http:\/\/vocesver.com\/noticias\/wp-json\/wp\/v2\/posts\/41789","targetHints":{"allow":["GET"]}}],"collection":[{"href":"http:\/\/vocesver.com\/noticias\/wp-json\/wp\/v2\/posts"}],"about":[{"href":"http:\/\/vocesver.com\/noticias\/wp-json\/wp\/v2\/types\/post"}],"author":[{"embeddable":true,"href":"http:\/\/vocesver.com\/noticias\/wp-json\/wp\/v2\/users\/2"}],"replies":[{"embeddable":true,"href":"http:\/\/vocesver.com\/noticias\/wp-json\/wp\/v2\/comments?post=41789"}],"version-history":[{"count":3,"href":"http:\/\/vocesver.com\/noticias\/wp-json\/wp\/v2\/posts\/41789\/revisions"}],"predecessor-version":[{"id":41796,"href":"http:\/\/vocesver.com\/noticias\/wp-json\/wp\/v2\/posts\/41789\/revisions\/41796"}],"wp:featuredmedia":[{"embeddable":true,"href":"http:\/\/vocesver.com\/noticias\/wp-json\/wp\/v2\/media\/41795"}],"wp:attachment":[{"href":"http:\/\/vocesver.com\/noticias\/wp-json\/wp\/v2\/media?parent=41789"}],"wp:term":[{"taxonomy":"category","embeddable":true,"href":"http:\/\/vocesver.com\/noticias\/wp-json\/wp\/v2\/categories?post=41789"},{"taxonomy":"post_tag","embeddable":true,"href":"http:\/\/vocesver.com\/noticias\/wp-json\/wp\/v2\/tags?post=41789"}],"curies":[{"name":"wp","href":"https:\/\/api.w.org\/{rel}","templated":true}]}}