{"id":41781,"date":"2023-12-16T00:15:03","date_gmt":"2023-12-16T00:15:03","guid":{"rendered":"http:\/\/vocesver.com\/noticias\/?p=41781"},"modified":"2023-12-18T21:53:41","modified_gmt":"2023-12-18T21:53:41","slug":"la-asommmn-realizo-su-brindis-navideno-en-conocido-hotel-del-puerto","status":"publish","type":"post","link":"http:\/\/vocesver.com\/noticias\/la-asommmn-realizo-su-brindis-navideno-en-conocido-hotel-del-puerto\/","title":{"rendered":"LA ASOMMMN REALIZ\u00d3 SU BRINDIS NAVIDE\u00d1O EN CONOCIDO HOTEL DEL PUERTO."},"content":{"rendered":"\n<p>ESTUVO PRESIDIDO POR SU SECRETARIO GENERAL ENRIQUE O. PACHECO GEORGES.<br>ACUDIERON UNA GRAN CANTIDAD DE SOCIOS Y SUS FAMILIAS.<br>LA ASOMMMN AVANZA LENTO, PERO CON PASO FIRME.<br>AUSENCIO RIVERA\/VOCESVER.COM\/NOTICIAS<br>Veracruz,Ver,. a 15 de Diciembre 2023,. La Asociaci\u00f3n Sindical de Oficiales de M\u00e1quinas de la Marina Mercante Nacional(ASOMMMN)avanza lento, pero con pasos seguros afirm\u00f3 el I.M.N. Enrique O. Pacheco Georges secretario general durante el convivio navide\u00f1o de este a\u00f1o a punto de concluir.<br>Ante decenas de socios y familiares que se dieron cita en dicha reuni\u00f3n navide\u00f1a el dirigente sindical afirm\u00f3 con grandes esfuerzos y sacrificios estamos cumpliendo con nuestras metas de trabajo.<br>Me da mucho gusto que en este d\u00eda todos los aqu\u00ed reunidos convivan en paz y armon\u00eda, al tiempo que el representante sindical les deseo una Feliz Navidad y un Pr\u00f3spero A\u00f1o Nuevo. <br>Destac\u00f3 que la Uni\u00f3n del Gremio \u00abnos da fortaleza y eso nos une y precisamente verlos a todos aqu\u00ed reunidos nos llena de mucho orgullo y nos fortalece porque ustedes son la base, la escencia y el alma de nuestra organizaci\u00f3n\u00bb.<br>Precisamente haciendo un poquito de remembranza aqu\u00ed se encuentra reunidas diez generaciones que han sido testigos de los avances que hemos tenido desde nuestra fundaci\u00f3n,<br><br>Adem\u00e1s de ofrecer una rica comida a todos los ah\u00ed presentes se cont\u00f3 con m\u00fasica viva que motiv\u00f3 a muchos de los asistentes a sacar sus mejores pasos de baile.<\/p>\n\n\n\n<p>Tras varias horas de sana diversi\u00f3n se llev\u00f3 a cabo una rifa donde todos los presentes se llevar\u00f3n un regalo en visperas de la Navidad y  el Fin de A\u00f1o.<\/p>\n\n\n\n<p>Fel\u00edz Navidad y un Pr\u00f3spero A\u00f1o para todos los ah\u00ed presentes.<br><br><br><br><br><br><br><br><br><br><br><br><br><br><br><br><br><\/p>\n","protected":false},"excerpt":{"rendered":"<p>ESTUVO PRESIDIDO POR SU SECRETARIO GENERAL ENRIQUE O. PACHECO GEORGES.ACUDIERON UNA GRAN CANTIDAD DE SOCIOS Y SUS FAMILIAS.LA ASOMMMN AVANZA<\/p>\n","protected":false},"author":2,"featured_media":41791,"comment_status":"open","ping_status":"open","sticky":false,"template":"","format":"standard","meta":{"colormag_page_container_layout":"default_layout","colormag_page_sidebar_layout":"default_layout","footnotes":""},"categories":[2],"tags":[],"class_list":["post-41781","post","type-post","status-publish","format-standard","has-post-thumbnail","hentry","category-infogral"],"_links":{"self":[{"href":"http:\/\/vocesver.com\/noticias\/wp-json\/wp\/v2\/posts\/41781","targetHints":{"allow":["GET"]}}],"collection":[{"href":"http:\/\/vocesver.com\/noticias\/wp-json\/wp\/v2\/posts"}],"about":[{"href":"http:\/\/vocesver.com\/noticias\/wp-json\/wp\/v2\/types\/post"}],"author":[{"embeddable":true,"href":"http:\/\/vocesver.com\/noticias\/wp-json\/wp\/v2\/users\/2"}],"replies":[{"embeddable":true,"href":"http:\/\/vocesver.com\/noticias\/wp-json\/wp\/v2\/comments?post=41781"}],"version-history":[{"count":3,"href":"http:\/\/vocesver.com\/noticias\/wp-json\/wp\/v2\/posts\/41781\/revisions"}],"predecessor-version":[{"id":41812,"href":"http:\/\/vocesver.com\/noticias\/wp-json\/wp\/v2\/posts\/41781\/revisions\/41812"}],"wp:featuredmedia":[{"embeddable":true,"href":"http:\/\/vocesver.com\/noticias\/wp-json\/wp\/v2\/media\/41791"}],"wp:attachment":[{"href":"http:\/\/vocesver.com\/noticias\/wp-json\/wp\/v2\/media?parent=41781"}],"wp:term":[{"taxonomy":"category","embeddable":true,"href":"http:\/\/vocesver.com\/noticias\/wp-json\/wp\/v2\/categories?post=41781"},{"taxonomy":"post_tag","embeddable":true,"href":"http:\/\/vocesver.com\/noticias\/wp-json\/wp\/v2\/tags?post=41781"}],"curies":[{"name":"wp","href":"https:\/\/api.w.org\/{rel}","templated":true}]}}