{"id":41776,"date":"2023-12-15T23:23:21","date_gmt":"2023-12-15T23:23:21","guid":{"rendered":"http:\/\/vocesver.com\/noticias\/?p=41776"},"modified":"2023-12-15T23:29:35","modified_gmt":"2023-12-15T23:29:35","slug":"rogel-asegura-que-ganara-la-encuesta-para-buscar-la-diputacion-local-del-distrito-15","status":"publish","type":"post","link":"http:\/\/vocesver.com\/noticias\/rogel-asegura-que-ganara-la-encuesta-para-buscar-la-diputacion-local-del-distrito-15\/","title":{"rendered":"ROGEL ASEGURA QUE GANAR\u00c1 LA ENCUESTA DE LA DIPUTACI\u00d3N LOCAL DEL DISTRITO 15."},"content":{"rendered":"\n<p>Lleva m\u00e1s de 3 meses recorriendo el distrito y extern\u00f3 su confianza en los ciudadanos.<\/p>\n\n\n\n<p><\/p>\n\n\n\n<p>AUSENCIO RIVERA\/VOCESVER.COM\/NOTICIAS<br><br>Veracriz;Ver.-a 15 de Diciembre 2023..&#8211;Al se\u00f1alar que tiene m\u00e1s de 3 meses recorriendo el Distrito 15 ,Manuel Antonio Rogel Sol\u00eds aspirante a coordinar los trabajos locales de MORENA en el distrito antes mencionado confirm\u00f3 que ya se apunt\u00f3 para contender por la Diputaci\u00f3n Local de este distrito.<br>En conferencia de prensa explic\u00f3 que tras renunciar a la Direcci\u00f3n Regional del Bienestar se ha dedicado de lleno a recorrer el distrito y por lo mismo no descart\u00f3 con ganar la encuesta que lo postule como candidato .<br>Al se\u00f1alar que hasta ahora es el \u00fanico que ha levantado la mano para aspirar a dicho cargo, el entrevistado a\u00f1adi\u00f3 no se si los adem\u00e1s aspirantes crean que esto va  a ser por dedazo, por designaci\u00f3n o por negociaci\u00f3n, cosa que no va a ser as\u00ed ya que eso lo va a definir la gente, las encuestas ha sido claras y por eso hay confianza en las mismas. <br>Precisamente yo estoy seguro que en las encuestas va a salir el que est\u00e9 mejor posicionado y la confianza la decide la gente.<br>En su caso dijo que tiene confianza en que la gente vote a su favor para que gane la candidatura diputado local del Distrito 15.<br>Asimismo dijo que es la misma gente quien\u00bb nos dice en los recorridos que ellos no ven bien que pol\u00edticos reciclados de otros partidos participen en este proceso, sobre todo aquellos que tienen un historial negro.<br><br><br><br><br><br><br><br><br><br><br><br><br><br><br><br><\/p>\n","protected":false},"excerpt":{"rendered":"<p>Lleva m\u00e1s de 3 meses recorriendo el distrito y extern\u00f3 su confianza en los ciudadanos. AUSENCIO RIVERA\/VOCESVER.COM\/NOTICIAS Veracriz;Ver.-a 15 de<\/p>\n","protected":false},"author":2,"featured_media":41787,"comment_status":"open","ping_status":"open","sticky":false,"template":"","format":"standard","meta":{"colormag_page_container_layout":"default_layout","colormag_page_sidebar_layout":"default_layout","footnotes":""},"categories":[2],"tags":[],"class_list":["post-41776","post","type-post","status-publish","format-standard","has-post-thumbnail","hentry","category-infogral"],"_links":{"self":[{"href":"http:\/\/vocesver.com\/noticias\/wp-json\/wp\/v2\/posts\/41776","targetHints":{"allow":["GET"]}}],"collection":[{"href":"http:\/\/vocesver.com\/noticias\/wp-json\/wp\/v2\/posts"}],"about":[{"href":"http:\/\/vocesver.com\/noticias\/wp-json\/wp\/v2\/types\/post"}],"author":[{"embeddable":true,"href":"http:\/\/vocesver.com\/noticias\/wp-json\/wp\/v2\/users\/2"}],"replies":[{"embeddable":true,"href":"http:\/\/vocesver.com\/noticias\/wp-json\/wp\/v2\/comments?post=41776"}],"version-history":[{"count":4,"href":"http:\/\/vocesver.com\/noticias\/wp-json\/wp\/v2\/posts\/41776\/revisions"}],"predecessor-version":[{"id":41785,"href":"http:\/\/vocesver.com\/noticias\/wp-json\/wp\/v2\/posts\/41776\/revisions\/41785"}],"wp:featuredmedia":[{"embeddable":true,"href":"http:\/\/vocesver.com\/noticias\/wp-json\/wp\/v2\/media\/41787"}],"wp:attachment":[{"href":"http:\/\/vocesver.com\/noticias\/wp-json\/wp\/v2\/media?parent=41776"}],"wp:term":[{"taxonomy":"category","embeddable":true,"href":"http:\/\/vocesver.com\/noticias\/wp-json\/wp\/v2\/categories?post=41776"},{"taxonomy":"post_tag","embeddable":true,"href":"http:\/\/vocesver.com\/noticias\/wp-json\/wp\/v2\/tags?post=41776"}],"curies":[{"name":"wp","href":"https:\/\/api.w.org\/{rel}","templated":true}]}}