{"id":41771,"date":"2023-12-15T22:11:25","date_gmt":"2023-12-15T22:11:25","guid":{"rendered":"http:\/\/vocesver.com\/noticias\/?p=41771"},"modified":"2023-12-15T22:42:12","modified_gmt":"2023-12-15T22:42:12","slug":"fuera-de-morena-los-politicos-recicladosaldo-perez-hernandez","status":"publish","type":"post","link":"http:\/\/vocesver.com\/noticias\/fuera-de-morena-los-politicos-recicladosaldo-perez-hernandez\/","title":{"rendered":"\u00a1\u00a1\u00a1FUERA DE MORENA LOS POL\u00cdTICOS RECICLADOS\u00a1\u00a1\u00a1\u00a1:ALDO P\u00c9REZ HERN\u00c1NDEZ."},"content":{"rendered":"\n<p>QUE SE LE DE PRIORIDAD A LOS J\u00d3VENES COMO A MANUEL ROJEL QUIEN TIENE UN CURRICULUM INPECABLE.<br><br><br>AUSENCIO RIVERA\/VOCESVER.COM\/NOTICIAS<br><br><br>Veracruz;Ver,. a 15 de Diciembre 2023.-El ex regidor porte\u00f1o y simpatzante de Movimiento de Regeneraci\u00f3n Nacional(MORENA)Jos\u00e9 F\u00e9lix Aldo P\u00e9rez Hern\u00e1ndez se pronunci\u00f3 porque la Comisi\u00f3n de Elecciones de dicho partido no permita el reciclaje pol\u00edtico ya que eso afecta a las nuevas generaciones de militantes.<br>En conferencia de medios dijo que actualmente existe un sinn\u00famero de pol\u00edticos reciclados que van a participar en este proceso electoral como candidato a dIputados Locales y Federales<br>Aunque yo si veo bien que Moreana sea un partido plural ya que le da cabida a gente que viene de otros partidos como:PRI;PAN;PRD)entre otros, lo que no se vale es que estos personajes que arrastran un negro historial se les de prioridad en los cargos por el solo hecho de contar con recursos. <br>Destac\u00f3 que los ciudadanos piden que haya un relevo generacional  donde en estos espacios pol\u00edtios se le d\u00e9 prioridad a la gente j\u00f3ven como al compaero Manuel Rogel que es un gran compaero de lucha que no pasa de los 30 a\u00f1os. <br>P\u00e9rez Hern\u00e1ndez insisti\u00f3 en que se le de prioridad a estos compaeros y se hagan a un lado a los pol\u00edticos reciclados \u00abque no porque traigan muchos recursos se les permita que estos compren las candidaturas las cuales no se deben de comprar \u00e9stas deben de ganar a trav\u00e9s del voto ciudadano. <br>Enfundado en una guayabera blanca el entrevistado pidi\u00f3 a la Comisi\u00f3n de Elecciones de Morena se fijen m\u00e1s en los compa\u00f1eros  que realmente luchan por el beneficio del pueblo y no de aquellos que solo busca esos puestos para satisfacer sus intereses personales.  <br>Reconoci\u00f3 que muchos de los pol\u00edticos reciclados se han visto envueltos en actos de corrupci\u00f3n y desgraciadamente nadie los puede mover porque alguien los protege. <br>Se\u00f1al\u00f3 que si estos personajes quieren ocupar cargos con las siglas de MORENA que primero hagan fila y mientras tanto que se le de prioridad a la gente j\u00f3ven.  <br>Denunci\u00f3 que actualmente un \u00abinfluencer\u00bb anda regalando despensas y dinero para obtener una diputaci\u00f3n local y eso no se debe permitir por la Comisi\u00f3n de Elecciones ya que este sujeto est\u00e1 lucrando con la pobreza del pueblo. <br>Adem\u00e1s sabemos que este personaje vendio\u00f3al Grupo Mas cuando este  fungi\u00f3 como director y ahora las consecuencias de altas tarifas de agua la est\u00e1 pagando la ciudadan\u00eda.<br><br><br><br><br><br><br><br><br><br><br><br><br><br><\/p>\n","protected":false},"excerpt":{"rendered":"<p>QUE SE LE DE PRIORIDAD A LOS J\u00d3VENES COMO A MANUEL ROJEL QUIEN TIENE UN CURRICULUM INPECABLE. AUSENCIO RIVERA\/VOCESVER.COM\/NOTICIAS Veracruz;Ver,.<\/p>\n","protected":false},"author":2,"featured_media":41779,"comment_status":"open","ping_status":"open","sticky":false,"template":"","format":"standard","meta":{"colormag_page_container_layout":"default_layout","colormag_page_sidebar_layout":"default_layout","footnotes":""},"categories":[2],"tags":[],"class_list":["post-41771","post","type-post","status-publish","format-standard","has-post-thumbnail","hentry","category-infogral"],"_links":{"self":[{"href":"http:\/\/vocesver.com\/noticias\/wp-json\/wp\/v2\/posts\/41771","targetHints":{"allow":["GET"]}}],"collection":[{"href":"http:\/\/vocesver.com\/noticias\/wp-json\/wp\/v2\/posts"}],"about":[{"href":"http:\/\/vocesver.com\/noticias\/wp-json\/wp\/v2\/types\/post"}],"author":[{"embeddable":true,"href":"http:\/\/vocesver.com\/noticias\/wp-json\/wp\/v2\/users\/2"}],"replies":[{"embeddable":true,"href":"http:\/\/vocesver.com\/noticias\/wp-json\/wp\/v2\/comments?post=41771"}],"version-history":[{"count":2,"href":"http:\/\/vocesver.com\/noticias\/wp-json\/wp\/v2\/posts\/41771\/revisions"}],"predecessor-version":[{"id":41777,"href":"http:\/\/vocesver.com\/noticias\/wp-json\/wp\/v2\/posts\/41771\/revisions\/41777"}],"wp:featuredmedia":[{"embeddable":true,"href":"http:\/\/vocesver.com\/noticias\/wp-json\/wp\/v2\/media\/41779"}],"wp:attachment":[{"href":"http:\/\/vocesver.com\/noticias\/wp-json\/wp\/v2\/media?parent=41771"}],"wp:term":[{"taxonomy":"category","embeddable":true,"href":"http:\/\/vocesver.com\/noticias\/wp-json\/wp\/v2\/categories?post=41771"},{"taxonomy":"post_tag","embeddable":true,"href":"http:\/\/vocesver.com\/noticias\/wp-json\/wp\/v2\/tags?post=41771"}],"curies":[{"name":"wp","href":"https:\/\/api.w.org\/{rel}","templated":true}]}}