{"id":41762,"date":"2023-12-15T03:38:53","date_gmt":"2023-12-15T03:38:53","guid":{"rendered":"http:\/\/vocesver.com\/noticias\/?p=41762"},"modified":"2023-12-15T03:40:39","modified_gmt":"2023-12-15T03:40:39","slug":"reconoce-rocio-nahle-a-las-radiodifusoras-comunitarias","status":"publish","type":"post","link":"http:\/\/vocesver.com\/noticias\/reconoce-rocio-nahle-a-las-radiodifusoras-comunitarias\/","title":{"rendered":"RECONOCE ROC\u00cdO NAHLE A LAS RADIODIFUSORAS COMUNITARIAS"},"content":{"rendered":"\n<p>REDACCI\u00d3N\/VOCESVER.COM\/NOTICIAS<br><br>Teocelo, Ver., jueves 14 de diciembre de 2023.- Los medios de comunicaci\u00f3n merecen un reconocimiento espec\u00edfico y puntual por su compromiso con la libertad de expresi\u00f3n y la verdad, afirm\u00f3 la Coordinadora de los Comit\u00e9s de la Defensa de la 4T en la entidad, Roc\u00edo Nahle Garc\u00eda al acudir a las instalaciones de Radio Teocelo \u201cLa voz del pueblo\u201d denominada as\u00ed desde sus inicios hace 58 a\u00f1os.<br><br>Roc\u00edo Nahle, puntualiz\u00f3 que todos los medios de comunicaci\u00f3n merecen respeto y de manera particular, las radiodifusoras comunitarias que con mucho esfuerzo han subsistido, deben ser consideradas y reconocidas.<br><br>\u00c9lfego Riveros, Premio Nacional de Periodismo y director de la primera radio comunitaria del pa\u00eds, entrevist\u00f3 la tarde de este viernes a Roc\u00edo Nahle en un espacio abierto y ameno.<br><br>Roc\u00edo Nahle, destac\u00f3 que todas las radiodifusoras comunitarias merecen ser reconocidas por preservar las lenguas ind\u00edgenas y la cultura de cada regi\u00f3n.<br><br>Cabe mencionar que Radio Teocelo \u201cLa Voz del Pueblo\u201d, junto a la XEZV-AM \u201cLa Voz de la Monta\u00f1a\u201d y la XHFCE-FM Radio Huayacocotla \u201cLa Voz Campesina\u201d, han sido reconocidas a nivel nacional e internacional por su aportaci\u00f3n a la sociedad y a la comunicaci\u00f3n.<br><br>Fundada en 1965 en la frecuencia de los 1490 Khz de AM, Radio Teocelo llega a una poblaci\u00f3n de alrededor de 300 mil habitantes de los municipios de Teocelo, Xico, Coatepec, Cosautl\u00e1n, Ixhuac\u00e1n, Ayahualulco, Tlaltetela, Totutla, Huatusco, Emiliano Zapata, Jalcomulco, Acajete, Banderilla y parte de Xalapa.<br><br><br><br><br><br><br><br><br><br><br><br><br><br><br><br><br><br><br><br><br><br><br><br><br><\/p>\n","protected":false},"excerpt":{"rendered":"<p>REDACCI\u00d3N\/VOCESVER.COM\/NOTICIAS Teocelo, Ver., jueves 14 de diciembre de 2023.- Los medios de comunicaci\u00f3n merecen un reconocimiento espec\u00edfico y puntual por<\/p>\n","protected":false},"author":2,"featured_media":41768,"comment_status":"open","ping_status":"open","sticky":false,"template":"","format":"standard","meta":{"colormag_page_container_layout":"default_layout","colormag_page_sidebar_layout":"default_layout","footnotes":""},"categories":[4],"tags":[],"class_list":["post-41762","post","type-post","status-publish","format-standard","has-post-thumbnail","hentry","category-estatal"],"_links":{"self":[{"href":"http:\/\/vocesver.com\/noticias\/wp-json\/wp\/v2\/posts\/41762","targetHints":{"allow":["GET"]}}],"collection":[{"href":"http:\/\/vocesver.com\/noticias\/wp-json\/wp\/v2\/posts"}],"about":[{"href":"http:\/\/vocesver.com\/noticias\/wp-json\/wp\/v2\/types\/post"}],"author":[{"embeddable":true,"href":"http:\/\/vocesver.com\/noticias\/wp-json\/wp\/v2\/users\/2"}],"replies":[{"embeddable":true,"href":"http:\/\/vocesver.com\/noticias\/wp-json\/wp\/v2\/comments?post=41762"}],"version-history":[{"count":2,"href":"http:\/\/vocesver.com\/noticias\/wp-json\/wp\/v2\/posts\/41762\/revisions"}],"predecessor-version":[{"id":41767,"href":"http:\/\/vocesver.com\/noticias\/wp-json\/wp\/v2\/posts\/41762\/revisions\/41767"}],"wp:featuredmedia":[{"embeddable":true,"href":"http:\/\/vocesver.com\/noticias\/wp-json\/wp\/v2\/media\/41768"}],"wp:attachment":[{"href":"http:\/\/vocesver.com\/noticias\/wp-json\/wp\/v2\/media?parent=41762"}],"wp:term":[{"taxonomy":"category","embeddable":true,"href":"http:\/\/vocesver.com\/noticias\/wp-json\/wp\/v2\/categories?post=41762"},{"taxonomy":"post_tag","embeddable":true,"href":"http:\/\/vocesver.com\/noticias\/wp-json\/wp\/v2\/tags?post=41762"}],"curies":[{"name":"wp","href":"https:\/\/api.w.org\/{rel}","templated":true}]}}