{"id":41758,"date":"2023-12-15T03:27:04","date_gmt":"2023-12-15T03:27:04","guid":{"rendered":"http:\/\/vocesver.com\/noticias\/?p=41758"},"modified":"2023-12-15T03:29:43","modified_gmt":"2023-12-15T03:29:43","slug":"en-el-encuentro-xochilt-galvez-de-este-sabado-estara-presente-alito-moreno","status":"publish","type":"post","link":"http:\/\/vocesver.com\/noticias\/en-el-encuentro-xochilt-galvez-de-este-sabado-estara-presente-alito-moreno\/","title":{"rendered":"EN EL ENCUENTRO XOCHILT-G\u00c1LVEZ DE ESTE S\u00c1BADO ESTAR\u00c1 PRESENTE ALITO MORENO."},"content":{"rendered":"\n<p><br><br>AUSENCIO RIVERA\/VOCESVER.COM\/NOTICIAS<br><br>XALAPA,VER.-A  14 DE DICIEMBRE 2023.- En el encuentro con X\u00f3chilt G\u00e1lvez que se llevar\u00e1 a cabo este s\u00e1bado en Perote, Veracruz estar\u00e1 presente Alito Moreno Presidente Nacional del PRI.<br><br>Fuentes relacionadas con el partido tricolor iinformar\u00f3n que dicho encuentro se llevar\u00e1 a cabo a las 11:OO horas en las Canchas Deportivas Revoluci\u00f3n, Colonia Azteca, Perote,Veracruz.<br><br>En redes sociales la priista Lorena Pi\u00f1\u00f3n Rivera tambi\u00e9n confirm\u00f3 que asiste a dicho encuentro donde tambi\u00e9n estar\u00e1 presente el dirigente estatal del PRI Adolfo Ram\u00edrez Arana. <br>Tambi\u00e9n hace menci\u00f3n que este encuentro ser\u00e1 coordinado por su amigo Pepe Yunes y aprovech\u00f3 el momento para hacer extensiva la invitaci\u00f3n a toda la militancia priista.<br><br><br><br><br><br><br><br><br><br><br><br><br><br><br><br><br><br><\/p>\n","protected":false},"excerpt":{"rendered":"<p>AUSENCIO RIVERA\/VOCESVER.COM\/NOTICIAS XALAPA,VER.-A 14 DE DICIEMBRE 2023.- En el encuentro con X\u00f3chilt G\u00e1lvez que se llevar\u00e1 a cabo este s\u00e1bado<\/p>\n","protected":false},"author":2,"featured_media":41764,"comment_status":"open","ping_status":"open","sticky":false,"template":"","format":"standard","meta":{"colormag_page_container_layout":"default_layout","colormag_page_sidebar_layout":"default_layout","footnotes":""},"categories":[4],"tags":[],"class_list":["post-41758","post","type-post","status-publish","format-standard","has-post-thumbnail","hentry","category-estatal"],"_links":{"self":[{"href":"http:\/\/vocesver.com\/noticias\/wp-json\/wp\/v2\/posts\/41758","targetHints":{"allow":["GET"]}}],"collection":[{"href":"http:\/\/vocesver.com\/noticias\/wp-json\/wp\/v2\/posts"}],"about":[{"href":"http:\/\/vocesver.com\/noticias\/wp-json\/wp\/v2\/types\/post"}],"author":[{"embeddable":true,"href":"http:\/\/vocesver.com\/noticias\/wp-json\/wp\/v2\/users\/2"}],"replies":[{"embeddable":true,"href":"http:\/\/vocesver.com\/noticias\/wp-json\/wp\/v2\/comments?post=41758"}],"version-history":[{"count":2,"href":"http:\/\/vocesver.com\/noticias\/wp-json\/wp\/v2\/posts\/41758\/revisions"}],"predecessor-version":[{"id":41763,"href":"http:\/\/vocesver.com\/noticias\/wp-json\/wp\/v2\/posts\/41758\/revisions\/41763"}],"wp:featuredmedia":[{"embeddable":true,"href":"http:\/\/vocesver.com\/noticias\/wp-json\/wp\/v2\/media\/41764"}],"wp:attachment":[{"href":"http:\/\/vocesver.com\/noticias\/wp-json\/wp\/v2\/media?parent=41758"}],"wp:term":[{"taxonomy":"category","embeddable":true,"href":"http:\/\/vocesver.com\/noticias\/wp-json\/wp\/v2\/categories?post=41758"},{"taxonomy":"post_tag","embeddable":true,"href":"http:\/\/vocesver.com\/noticias\/wp-json\/wp\/v2\/tags?post=41758"}],"curies":[{"name":"wp","href":"https:\/\/api.w.org\/{rel}","templated":true}]}}