{"id":41751,"date":"2023-12-15T03:05:14","date_gmt":"2023-12-15T03:05:14","guid":{"rendered":"http:\/\/vocesver.com\/noticias\/?p=41751"},"modified":"2023-12-15T03:07:46","modified_gmt":"2023-12-15T03:07:46","slug":"en-la-4t-hay-proyecto-no-podemos-retroceder-rocio-nahle","status":"publish","type":"post","link":"http:\/\/vocesver.com\/noticias\/en-la-4t-hay-proyecto-no-podemos-retroceder-rocio-nahle\/","title":{"rendered":"EN LA 4T, HAY PROYECTO, NO PODEMOS RETROCEDER: ROC\u00cdO NAHLE"},"content":{"rendered":"\n<p>*Record\u00f3 a la militancia que en Morena, con o sin cargo, todos son iguales y deben re<br>AUSENCCIO RIVERA\/VOCESVER.COM\/NOTICIAS<br><br>Teocelo, Ver., jueves 14 de diciembre de 2023.- En la Cuarta Transformaci\u00f3n hay proyecto y hay propuesta por lo que debemos seguir caminando en unidad y organizados, asever\u00f3 la Coordinadora de los Comit\u00e9s de la Defensa de la 4T en la entidad, Roc\u00edo Nahle Garc\u00eda.<br><br>A compa\u00f1eros y compa\u00f1eras militantes y simpatizantes que la acompa\u00f1aron en esta asamblea, les record\u00f3 que todos, incluidos quienes tienen un cargo p\u00fablico, sobre todo de elecci\u00f3n popular, son iguales pero lo m\u00e1s importante es que deben cumplir con la responsabilidad y confianza que les confirieron.<br><br>Indic\u00f3 Nahle Garc\u00eda, que el movimiento no puede perder su esencia ni su m\u00edstica por eso sus representantes populares, que tambi\u00e9n forman parte del movimiento, deben tener presente que su principal responsabilidad es dar resultados.<br><br>\u201cFalta mucho quehacer, si, si falta, porque fueron muchos a\u00f1os de rezago y hemos avanzado pero todav\u00eda nos falta y con la ayuda de ustedes y con el compromiso y a mi me gusta mucho que me acompa\u00f1en nuestros compa\u00f1eros diputados, nuestros compa\u00f1eros presidentes municipales porque si ellos son representantes institucionales muy bien pero en nuestro movimiento ellos tienen una responsabilidad igual que yo y estamos aqu\u00ed de frente para dar cara\u201d, destac\u00f3.<br><br>Roc\u00edo Nahle Garc\u00eda tom\u00f3 protesta a los comit\u00e9s de defensa de la 4T en Teocelo y reiter\u00f3 el compromiso que como movimiento tienen con Veracruz.<br><br>\u201cNosotros tenemos el compromiso de seguir trabajando y de seguir organiz\u00e1ndonos junto con <br><br><br><br><br><br><br><br><br><br><br><br><br><br><br><br><br><br><br><br><br><br><br><br><br><br><br><\/p>\n","protected":false},"excerpt":{"rendered":"<p>*Record\u00f3 a la militancia que en Morena, con o sin cargo, todos son iguales y deben reAUSENCCIO RIVERA\/VOCESVER.COM\/NOTICIAS Teocelo, Ver.,<\/p>\n","protected":false},"author":2,"featured_media":41760,"comment_status":"open","ping_status":"open","sticky":false,"template":"","format":"standard","meta":{"colormag_page_container_layout":"default_layout","colormag_page_sidebar_layout":"default_layout","footnotes":""},"categories":[4],"tags":[],"class_list":["post-41751","post","type-post","status-publish","format-standard","has-post-thumbnail","hentry","category-estatal"],"_links":{"self":[{"href":"http:\/\/vocesver.com\/noticias\/wp-json\/wp\/v2\/posts\/41751","targetHints":{"allow":["GET"]}}],"collection":[{"href":"http:\/\/vocesver.com\/noticias\/wp-json\/wp\/v2\/posts"}],"about":[{"href":"http:\/\/vocesver.com\/noticias\/wp-json\/wp\/v2\/types\/post"}],"author":[{"embeddable":true,"href":"http:\/\/vocesver.com\/noticias\/wp-json\/wp\/v2\/users\/2"}],"replies":[{"embeddable":true,"href":"http:\/\/vocesver.com\/noticias\/wp-json\/wp\/v2\/comments?post=41751"}],"version-history":[{"count":2,"href":"http:\/\/vocesver.com\/noticias\/wp-json\/wp\/v2\/posts\/41751\/revisions"}],"predecessor-version":[{"id":41759,"href":"http:\/\/vocesver.com\/noticias\/wp-json\/wp\/v2\/posts\/41751\/revisions\/41759"}],"wp:featuredmedia":[{"embeddable":true,"href":"http:\/\/vocesver.com\/noticias\/wp-json\/wp\/v2\/media\/41760"}],"wp:attachment":[{"href":"http:\/\/vocesver.com\/noticias\/wp-json\/wp\/v2\/media?parent=41751"}],"wp:term":[{"taxonomy":"category","embeddable":true,"href":"http:\/\/vocesver.com\/noticias\/wp-json\/wp\/v2\/categories?post=41751"},{"taxonomy":"post_tag","embeddable":true,"href":"http:\/\/vocesver.com\/noticias\/wp-json\/wp\/v2\/tags?post=41751"}],"curies":[{"name":"wp","href":"https:\/\/api.w.org\/{rel}","templated":true}]}}