{"id":41693,"date":"2023-12-12T00:20:23","date_gmt":"2023-12-12T00:20:23","guid":{"rendered":"http:\/\/vocesver.com\/noticias\/?p=41693"},"modified":"2023-12-12T00:22:55","modified_gmt":"2023-12-12T00:22:55","slug":"todo-listo-en-la-iglesia-la-catedral-para-festejar-a-la-guadalupana","status":"publish","type":"post","link":"http:\/\/vocesver.com\/noticias\/todo-listo-en-la-iglesia-la-catedral-para-festejar-a-la-guadalupana\/","title":{"rendered":"TODO LISTO EN LA IGLESIA LA CATEDRAL PARA FESTEJAR A LA GUADALUPANA."},"content":{"rendered":"\n<p><br>AUSENCIO RIVERA\/VOCESVER.COM\/NOTICIAS<br>Veracruz,Ver- a 11 de Diciembre 2023.- A unas horas de cantarle las tradicionales ma\u00f1anitas a la Virgen de Guadalupe en la Iglesia La Catedral de Veracruz, todav\u00eda por la ma\u00f1ana se le dio una manita de gato al escenario que recibir\u00e1 a miles de familias que acudir\u00e1n a darle gracias a la reina del Tepeyac por un a\u00f1o m\u00e1s de existencia. Foto Ausencii RIVERA.<br><br><br><br><br><br><br><br><br><br><br><br><br><br><br><br><br><br><br><br><\/p>\n","protected":false},"excerpt":{"rendered":"<p>AUSENCIO RIVERA\/VOCESVER.COM\/NOTICIASVeracruz,Ver- a 11 de Diciembre 2023.- A unas horas de cantarle las tradicionales ma\u00f1anitas a la Virgen de Guadalupe<\/p>\n","protected":false},"author":2,"featured_media":41703,"comment_status":"open","ping_status":"open","sticky":false,"template":"","format":"standard","meta":{"colormag_page_container_layout":"default_layout","colormag_page_sidebar_layout":"default_layout","footnotes":""},"categories":[2],"tags":[],"class_list":["post-41693","post","type-post","status-publish","format-standard","has-post-thumbnail","hentry","category-infogral"],"_links":{"self":[{"href":"http:\/\/vocesver.com\/noticias\/wp-json\/wp\/v2\/posts\/41693","targetHints":{"allow":["GET"]}}],"collection":[{"href":"http:\/\/vocesver.com\/noticias\/wp-json\/wp\/v2\/posts"}],"about":[{"href":"http:\/\/vocesver.com\/noticias\/wp-json\/wp\/v2\/types\/post"}],"author":[{"embeddable":true,"href":"http:\/\/vocesver.com\/noticias\/wp-json\/wp\/v2\/users\/2"}],"replies":[{"embeddable":true,"href":"http:\/\/vocesver.com\/noticias\/wp-json\/wp\/v2\/comments?post=41693"}],"version-history":[{"count":3,"href":"http:\/\/vocesver.com\/noticias\/wp-json\/wp\/v2\/posts\/41693\/revisions"}],"predecessor-version":[{"id":41700,"href":"http:\/\/vocesver.com\/noticias\/wp-json\/wp\/v2\/posts\/41693\/revisions\/41700"}],"wp:featuredmedia":[{"embeddable":true,"href":"http:\/\/vocesver.com\/noticias\/wp-json\/wp\/v2\/media\/41703"}],"wp:attachment":[{"href":"http:\/\/vocesver.com\/noticias\/wp-json\/wp\/v2\/media?parent=41693"}],"wp:term":[{"taxonomy":"category","embeddable":true,"href":"http:\/\/vocesver.com\/noticias\/wp-json\/wp\/v2\/categories?post=41693"},{"taxonomy":"post_tag","embeddable":true,"href":"http:\/\/vocesver.com\/noticias\/wp-json\/wp\/v2\/tags?post=41693"}],"curies":[{"name":"wp","href":"https:\/\/api.w.org\/{rel}","templated":true}]}}