{"id":41683,"date":"2023-12-11T23:54:03","date_gmt":"2023-12-11T23:54:03","guid":{"rendered":"http:\/\/vocesver.com\/noticias\/?p=41683"},"modified":"2023-12-11T23:56:11","modified_gmt":"2023-12-11T23:56:11","slug":"dirignte-del-sitev-se-reeligio-por-5-anos-mas","status":"publish","type":"post","link":"http:\/\/vocesver.com\/noticias\/dirignte-del-sitev-se-reeligio-por-5-anos-mas\/","title":{"rendered":"DIRIGNTE DEL SITEV SE REELIGI\u00d3 POR 5 A\u00d1OS M\u00c1S."},"content":{"rendered":"\n<p>*Festejo la Navidad con cientos de trabajadores.<br>Predomin\u00f3 un ambiente de gran camarader\u00eda.<br><br>Ausencio Rivera \/Mat\u00edas Melchor S\/Vocesver. com\/noticias<br><br> Boca del Rio, Ver. a  11 de  Diciembre 2023.- El dirigente del Sindicato Independiente de  Trabajadores de  la Educaci\u00f3n  del Estado de Veracruz (SITEV)Alberto Yepez Alfonso se  religio por 5 a\u00f1os para  seguir al frente de  m\u00e1s bee 6 mil trabajadores de la entidad veracruzana. Aqu\u00ed en Boca del R\u00edo como el estado de Veracruz los m\u00e1s de 6  mil afiliados celebraron  con un desayuno   compartiendo el pan y la sal con todos los agremiados qui\u00e9nes buscaron un lugar de diversi\u00f3n. Jose Antonio Torres Ram\u00edrez, Fernando Guzm\u00e1n y coordinadores de  varios municipios entre ellos ursulo Galv\u00e1n Juan Gerardo Morales Landa y otros m\u00e1s .En Boca del R\u00edo, Veracruz frente al r\u00edo jamapa .Aqu\u00ed trabajadores aprovecharon dialogar con directivos sobre casos  de sus afiliados  en lograr cosas importantes para  el pr\u00f3ximo  a\u00f1o 2024..de esta forma Yepez Alfonso ,promueve la unidad  del sindicato (SITEV) es el sindicato   de tercera fuerza pol\u00edtica en estado de Veracruz.<br><br><br><br><br><br><br><br><br><br><br><br><br><br><br><br><br><br><br><br><br><br><br><br><br><\/p>\n","protected":false},"excerpt":{"rendered":"<p>*Festejo la Navidad con cientos de trabajadores.Predomin\u00f3 un ambiente de gran camarader\u00eda. Ausencio Rivera \/Mat\u00edas Melchor S\/Vocesver. com\/noticias Boca del<\/p>\n","protected":false},"author":2,"featured_media":41691,"comment_status":"open","ping_status":"open","sticky":false,"template":"","format":"standard","meta":{"colormag_page_container_layout":"default_layout","colormag_page_sidebar_layout":"default_layout","footnotes":""},"categories":[2],"tags":[],"class_list":["post-41683","post","type-post","status-publish","format-standard","has-post-thumbnail","hentry","category-infogral"],"_links":{"self":[{"href":"http:\/\/vocesver.com\/noticias\/wp-json\/wp\/v2\/posts\/41683","targetHints":{"allow":["GET"]}}],"collection":[{"href":"http:\/\/vocesver.com\/noticias\/wp-json\/wp\/v2\/posts"}],"about":[{"href":"http:\/\/vocesver.com\/noticias\/wp-json\/wp\/v2\/types\/post"}],"author":[{"embeddable":true,"href":"http:\/\/vocesver.com\/noticias\/wp-json\/wp\/v2\/users\/2"}],"replies":[{"embeddable":true,"href":"http:\/\/vocesver.com\/noticias\/wp-json\/wp\/v2\/comments?post=41683"}],"version-history":[{"count":2,"href":"http:\/\/vocesver.com\/noticias\/wp-json\/wp\/v2\/posts\/41683\/revisions"}],"predecessor-version":[{"id":41690,"href":"http:\/\/vocesver.com\/noticias\/wp-json\/wp\/v2\/posts\/41683\/revisions\/41690"}],"wp:featuredmedia":[{"embeddable":true,"href":"http:\/\/vocesver.com\/noticias\/wp-json\/wp\/v2\/media\/41691"}],"wp:attachment":[{"href":"http:\/\/vocesver.com\/noticias\/wp-json\/wp\/v2\/media?parent=41683"}],"wp:term":[{"taxonomy":"category","embeddable":true,"href":"http:\/\/vocesver.com\/noticias\/wp-json\/wp\/v2\/categories?post=41683"},{"taxonomy":"post_tag","embeddable":true,"href":"http:\/\/vocesver.com\/noticias\/wp-json\/wp\/v2\/tags?post=41683"}],"curies":[{"name":"wp","href":"https:\/\/api.w.org\/{rel}","templated":true}]}}