{"id":41618,"date":"2023-12-04T23:06:22","date_gmt":"2023-12-04T23:06:22","guid":{"rendered":"http:\/\/vocesver.com\/noticias\/?p=41618"},"modified":"2023-12-04T23:11:19","modified_gmt":"2023-12-04T23:11:19","slug":"el-ser-veracruzano-le-da-garantia-de-triunfo-a-pepeyu-en-la-gubernatura-de-veracruzraul-campos","status":"publish","type":"post","link":"http:\/\/vocesver.com\/noticias\/el-ser-veracruzano-le-da-garantia-de-triunfo-a-pepeyu-en-la-gubernatura-de-veracruzraul-campos\/","title":{"rendered":"EL SER VERACRUZANO LE DA GARANT\u00cdA DE TRIUNFO A \u00abPEPEYU\u00bb EN LA GUBERNATURA DE  VERACRUZ:RA\u00daL CAMPOS."},"content":{"rendered":"\n<p>AUSENCIO RIVERA\/VOCESVER.COM\/NOTICIAS<br>Veracruz,Ver,. a 3  de Diciembre 2023.-Por el solo hecho de ser veracruzano Jos\u00e9 Yunes Zorrlla precandidato del PRI va a ganar la Gubernatura del Estado de Veracruz en el 2024.<br>Lo anterior lo asegur\u00f3 el Dr. Ra\u00fal Campos presidente de de la Coalici\u00f3n de Pescadores, Transportistas y Colonos en el Puerto de Veracruz quien a\u00f1ad\u00ed\u00f3 que eso le da al priista garant\u00eda de triunfo.<br>Pepe Yunes Zorrilla es un hombres que siempre ha trabajado y como diputado federal ha dado resultados a los veracruzanos apunt\u00f3.<br>No es ning\u00fan improvisado y por lo mismo conoce a fondo cu\u00e1les son las necesidades m\u00e1s apremiantes de los ciudadanos asever\u00f3.<br>Por otro lado dijo que los Hospitales, los Obreros  y los Campesinos est\u00e1n con Ra\u00fal Campos, al tiempo que dijo por eso no puede ser justo que  haya perdido la encuesta  para haber sido el dirigente estatal de los comit\u00e9s de la Cuarta Transformaci\u00f3n.<br>Eso no pudo haber sido, enfatiza.<br>Por eso ahora me voy por la libre, pero mis votos que yo obtenga van a ser para el PRI \u00abporque ustedes saben que yo siempre he sido priista.\u00bb<br>Yo simplemente me sub\u00ed a MORENA para ver si eran transparentes, pero ese es un grupo de m\u00e1s de lo mismo al tiempo que insisti\u00f3 ahora voy a buscar un cargo por la v\u00eda independiente\u00bbpara fortalecer a mi partido, voy a levantar a mi partido, porque el tricolor ha sido bueno, malos fueron los que lo anduvier\u00f3n representando con anterioridad\u00bb.<br>Insisti\u00f3 que el PRI  es un partido transparente y  los votos que obtenga por la  v\u00eda independiente ser\u00e1n para \u00abPepeyu\u00bb toda vez que \u00abyo vengo a fortalecerlo a \u00e9l\u00bb.  <br>A\u00f1adi\u00f3 que todos los hospitales est\u00e1n con Yunes Zorrilla toda vez que no hay medicinas, no hay nada y la seguridad social est\u00e1 por los suelos.<\/p>\n\n\n\n<p> Pr\u00e1cticamente estamos secuestrados y todav\u00eda nos imponen a una mujer que no es veracruzana sino de Zacatecas-<\/p>\n\n\n\n<p>Esa mujer qu\u00e9 sabe de lo que est\u00e1 pasando en Veracruz? <\/p>\n\n\n\n<p> Rechaz\u00f3 no estar resentido porque Morena lo dej\u00f3 fuera de la contienda\u00bb. <\/p>\n\n\n\n<p>Yo ,me sub\u00ed por mi pueblo, ustedes saben que yo soy m\u00e9dico e insisti\u00f3 yo me sub\u00ed por mi pueblo \u00abpara saber las carencias que estamos pasando\u00bb <br><br><br><br><br><br><br><br><br><br><br><br><br><br><br><br><br><br><\/p>\n","protected":false},"excerpt":{"rendered":"<p>AUSENCIO RIVERA\/VOCESVER.COM\/NOTICIASVeracruz,Ver,. a 3 de Diciembre 2023.-Por el solo hecho de ser veracruzano Jos\u00e9 Yunes Zorrlla precandidato del PRI va<\/p>\n","protected":false},"author":2,"featured_media":41627,"comment_status":"open","ping_status":"open","sticky":false,"template":"","format":"standard","meta":{"colormag_page_container_layout":"default_layout","colormag_page_sidebar_layout":"default_layout","footnotes":""},"categories":[2],"tags":[],"class_list":["post-41618","post","type-post","status-publish","format-standard","has-post-thumbnail","hentry","category-infogral"],"_links":{"self":[{"href":"http:\/\/vocesver.com\/noticias\/wp-json\/wp\/v2\/posts\/41618","targetHints":{"allow":["GET"]}}],"collection":[{"href":"http:\/\/vocesver.com\/noticias\/wp-json\/wp\/v2\/posts"}],"about":[{"href":"http:\/\/vocesver.com\/noticias\/wp-json\/wp\/v2\/types\/post"}],"author":[{"embeddable":true,"href":"http:\/\/vocesver.com\/noticias\/wp-json\/wp\/v2\/users\/2"}],"replies":[{"embeddable":true,"href":"http:\/\/vocesver.com\/noticias\/wp-json\/wp\/v2\/comments?post=41618"}],"version-history":[{"count":2,"href":"http:\/\/vocesver.com\/noticias\/wp-json\/wp\/v2\/posts\/41618\/revisions"}],"predecessor-version":[{"id":41626,"href":"http:\/\/vocesver.com\/noticias\/wp-json\/wp\/v2\/posts\/41618\/revisions\/41626"}],"wp:featuredmedia":[{"embeddable":true,"href":"http:\/\/vocesver.com\/noticias\/wp-json\/wp\/v2\/media\/41627"}],"wp:attachment":[{"href":"http:\/\/vocesver.com\/noticias\/wp-json\/wp\/v2\/media?parent=41618"}],"wp:term":[{"taxonomy":"category","embeddable":true,"href":"http:\/\/vocesver.com\/noticias\/wp-json\/wp\/v2\/categories?post=41618"},{"taxonomy":"post_tag","embeddable":true,"href":"http:\/\/vocesver.com\/noticias\/wp-json\/wp\/v2\/tags?post=41618"}],"curies":[{"name":"wp","href":"https:\/\/api.w.org\/{rel}","templated":true}]}}