{"id":41606,"date":"2023-12-03T00:03:52","date_gmt":"2023-12-03T00:03:52","guid":{"rendered":"http:\/\/vocesver.com\/noticias\/?p=41606"},"modified":"2023-12-03T00:05:51","modified_gmt":"2023-12-03T00:05:51","slug":"primero-es-el-proyecto-de-nacion-rocio-nahle","status":"publish","type":"post","link":"http:\/\/vocesver.com\/noticias\/primero-es-el-proyecto-de-nacion-rocio-nahle\/","title":{"rendered":"PRIMERO ES EL PROYECTO DE NACI\u00d3N: ROC\u00cdO NAHLE"},"content":{"rendered":"\n<p><br><br><br>*Antes que intereses personales, econ\u00f3micos o de grupo.<br>REDACCI\u00d3N\/VOCESVER.COM\/NOTICIAS<br>Cazones de Herrera, Ver., s\u00e1bado 02 de diciembre de 2023.- Desde la \u2018Barra de Cazones\u2019, la Coordinadora de los Comit\u00e9s de Defensa de la Cuarta Transformaci\u00f3n en Veracruz, Roc\u00edo Nahle Garc\u00eda, record\u00f3 a toda la militancia y simpatizantes que debe prevalecer la unidad porque a los intereses individuales se debe  anteponer el proyecto de naci\u00f3n.<br><br>Como ejemplo cit\u00f3 el proceso interno que recientemente vivi\u00f3 Morena a nivel nacional y en el estado donde a trav\u00e9s de encuestas, se defini\u00f3 la Coordinaci\u00f3n de los Comit\u00e9s de Defensa de la Cuarta Transformaci\u00f3n.<br><br>Derivado de \u00e9ste result\u00f3 triunfadora Claudia Sheinbaum en el pa\u00eds y Roc\u00edo Nahle en Veracruz pero es de valorar al resto de quienes internamente contendieron y se acercaron para conformar un proyecto de unidad como Claudia Tello Espinosa, Zenyazen Escobar Garc\u00eda y Manuel Huerta Ladr\u00f3n de Guevara, importantes cuadros del movimiento estatal.<br><br>\u201cTodos en unidad y esto se los quiero decir porque aqu\u00ed lo m\u00e1s importante es para todos: unidad, no es un proyecto personal, no es un proyecto de \u2018yo quiero\u2019, es un proyecto de naci\u00f3n que ya est\u00e1 en curso, es un proyecto de naci\u00f3n que nos beneficia a nosotros, a nuestro hijos y a los nietos y a los que vienen atr\u00e1s, tenemos la obligaci\u00f3n de dejarles un mejor pa\u00eds y un mejor futuro, eso es lo que est\u00e1 en riesgo\u201d, explic\u00f3.<br><br>Record\u00f3 que Morena no tiene due\u00f1o, su \u00fanico propietario es el pueblo y as\u00ed debe de continuar porque \u201cMorena naci\u00f3 libre, no tiene due\u00f1o, no tiene due\u00f1o, nosotros los ciudadanos somos los due\u00f1os de nuestro movimiento,as\u00ed se abri\u00f3, as\u00ed se fund\u00f3 y es nuestra obligaci\u00f3n continuar\u201d, destac\u00f3.<br><br>Roc\u00edo Nahle agreg\u00f3 que continuar\u00e1 caminando por los 212 municipios veracruzanos porque de esta forma hilar\u00e1 la unidad de todos los comit\u00e9s.<br><br>\u201cPor mi parte, yo he estado caminando y lo voy a seguir haciendo, primero para convocar a los comit\u00e9s, segundo para trabajar en la unidad que ya est\u00e1 en Veracruz pero que municipio por municipio vamos a ir hilando la unidad para tener el trabajo ordenado, eso es lo m\u00e1s importante\u201d, agreg\u00f3.<br><br>Para la coordinaci\u00f3n nacional que ostent\u00f3 Claudia Sheinbaum, record\u00f3, se anotaron varios compa\u00f1eros y por 72 d\u00edas recorrieron todo el pa\u00eds para despu\u00e9s ser medidos a trav\u00e9s de cinco encuestas resultando ganadora Claudia Sheinbaum a quien de inmediato todos se unieron y levantaron la mano.<br><br>\u201cTodos los dem\u00e1s compa\u00f1eros que participaban enseguida se unieron, hab\u00eda uno que est\u00e1 ah\u00ed deshojando la margarita pero ya tambi\u00e9n est\u00e1 en el movimiento\u201d, expuso.<br><br><br><br><br><br><br><br><br><br><br><br><br><br><br><br><br><br><br><br><br><br><br><br><br><br><br><\/p>\n","protected":false},"excerpt":{"rendered":"<p>*Antes que intereses personales, econ\u00f3micos o de grupo.REDACCI\u00d3N\/VOCESVER.COM\/NOTICIASCazones de Herrera, Ver., s\u00e1bado 02 de diciembre de 2023.- Desde la \u2018Barra<\/p>\n","protected":false},"author":2,"featured_media":41612,"comment_status":"open","ping_status":"open","sticky":false,"template":"","format":"standard","meta":{"colormag_page_container_layout":"default_layout","colormag_page_sidebar_layout":"default_layout","footnotes":""},"categories":[4],"tags":[],"class_list":["post-41606","post","type-post","status-publish","format-standard","has-post-thumbnail","hentry","category-estatal"],"_links":{"self":[{"href":"http:\/\/vocesver.com\/noticias\/wp-json\/wp\/v2\/posts\/41606","targetHints":{"allow":["GET"]}}],"collection":[{"href":"http:\/\/vocesver.com\/noticias\/wp-json\/wp\/v2\/posts"}],"about":[{"href":"http:\/\/vocesver.com\/noticias\/wp-json\/wp\/v2\/types\/post"}],"author":[{"embeddable":true,"href":"http:\/\/vocesver.com\/noticias\/wp-json\/wp\/v2\/users\/2"}],"replies":[{"embeddable":true,"href":"http:\/\/vocesver.com\/noticias\/wp-json\/wp\/v2\/comments?post=41606"}],"version-history":[{"count":2,"href":"http:\/\/vocesver.com\/noticias\/wp-json\/wp\/v2\/posts\/41606\/revisions"}],"predecessor-version":[{"id":41611,"href":"http:\/\/vocesver.com\/noticias\/wp-json\/wp\/v2\/posts\/41606\/revisions\/41611"}],"wp:featuredmedia":[{"embeddable":true,"href":"http:\/\/vocesver.com\/noticias\/wp-json\/wp\/v2\/media\/41612"}],"wp:attachment":[{"href":"http:\/\/vocesver.com\/noticias\/wp-json\/wp\/v2\/media?parent=41606"}],"wp:term":[{"taxonomy":"category","embeddable":true,"href":"http:\/\/vocesver.com\/noticias\/wp-json\/wp\/v2\/categories?post=41606"},{"taxonomy":"post_tag","embeddable":true,"href":"http:\/\/vocesver.com\/noticias\/wp-json\/wp\/v2\/tags?post=41606"}],"curies":[{"name":"wp","href":"https:\/\/api.w.org\/{rel}","templated":true}]}}