{"id":41572,"date":"2023-11-27T23:44:25","date_gmt":"2023-11-27T23:44:25","guid":{"rendered":"http:\/\/vocesver.com\/noticias\/?p=41572"},"modified":"2023-11-28T22:20:21","modified_gmt":"2023-11-28T22:20:21","slug":"2023-buen-ano-para-el-colegio-de-marinos-de-veraxruzrodolfo-suarez","status":"publish","type":"post","link":"http:\/\/vocesver.com\/noticias\/2023-buen-ano-para-el-colegio-de-marinos-de-veraxruzrodolfo-suarez\/","title":{"rendered":"2023 BUEN A\u00d1O PARA EL COLEGIO DE MARINOS DE VERACRUZ;RODOLFO SU\u00c1REZ"},"content":{"rendered":"\n<p>Ausencio Rivera \/Vocesver. com\/noticias.<br>Veracruz, Ver.. A 27 de Noviembre 2023.. El 2023 fue un buen a\u00f1o para el Colegio de Marinos de Veracruz reconoci\u00f3 el Capit\u00e1n de Altura Rodolfo Su\u00e1rez Lima presidente de este organismo de Profesionales del Mar.<br>Entrevistado en el marco de la reuni\u00f3n mensual correspondiente a Noviembre explic\u00f3 que luego de la pandemia del Covid. 19, pr\u00e1cticame est\u00e1bamos en cero. <\/p>\n\n\n\n<p>\u00abNadie quer\u00eda venir, todos ten\u00edan miedo al virus, ahora ya est\u00e1n llegando m\u00e1s gente a nuestras asambleas y eso nos ha permitido continuar con nuestros programas en beneficio los 150 agremiados\u00bb..<br>Nos reunimos cada mes para ver como podemos ayudar en los planes de estudios y proyectos de las escuelas n\u00e1uticas de M\u00e9xico y en las leyes que aprueba el Congreso de la Uni\u00f3n nosotros tambi\u00e9n intervenidos en ellos. <\/p>\n\n\n\n<p>Actualmente preparamos a los j\u00f3venes que hacen sus ex\u00e1menes profesionales  para pilotos navales\u00bblos preparamos para que presenten un examen digno\u00bb apunt\u00f3.<\/p>\n\n\n\n<p>Tambi\u00e9n damos conferencias magistrales de lo m\u00e1s adelantado que hay a nivel de las flotas mundiales, todo lo que sale nuevo, subrray\u00f3,<\/p>\n\n\n\n<p> Dijo Finalmente que la gran mayor\u00eda de los que integran el colegio son:Capitanes de Altura Jefes de M\u00e1quinas, ING. Maquinistas Navales y Pilotos de Puerto.<br><br><br><br><br><br><br><br><br><br><br><br><br><br><br><br><br><br><br><br><br><br><br><br><\/p>\n","protected":false},"excerpt":{"rendered":"<p>Ausencio Rivera \/Vocesver. com\/noticias.Veracruz, Ver.. A 27 de Noviembre 2023.. El 2023 fue un buen a\u00f1o para el Colegio de<\/p>\n","protected":false},"author":2,"featured_media":41580,"comment_status":"open","ping_status":"open","sticky":false,"template":"","format":"standard","meta":{"colormag_page_container_layout":"default_layout","colormag_page_sidebar_layout":"default_layout","footnotes":""},"categories":[2],"tags":[],"class_list":["post-41572","post","type-post","status-publish","format-standard","has-post-thumbnail","hentry","category-infogral"],"_links":{"self":[{"href":"http:\/\/vocesver.com\/noticias\/wp-json\/wp\/v2\/posts\/41572","targetHints":{"allow":["GET"]}}],"collection":[{"href":"http:\/\/vocesver.com\/noticias\/wp-json\/wp\/v2\/posts"}],"about":[{"href":"http:\/\/vocesver.com\/noticias\/wp-json\/wp\/v2\/types\/post"}],"author":[{"embeddable":true,"href":"http:\/\/vocesver.com\/noticias\/wp-json\/wp\/v2\/users\/2"}],"replies":[{"embeddable":true,"href":"http:\/\/vocesver.com\/noticias\/wp-json\/wp\/v2\/comments?post=41572"}],"version-history":[{"count":3,"href":"http:\/\/vocesver.com\/noticias\/wp-json\/wp\/v2\/posts\/41572\/revisions"}],"predecessor-version":[{"id":41585,"href":"http:\/\/vocesver.com\/noticias\/wp-json\/wp\/v2\/posts\/41572\/revisions\/41585"}],"wp:featuredmedia":[{"embeddable":true,"href":"http:\/\/vocesver.com\/noticias\/wp-json\/wp\/v2\/media\/41580"}],"wp:attachment":[{"href":"http:\/\/vocesver.com\/noticias\/wp-json\/wp\/v2\/media?parent=41572"}],"wp:term":[{"taxonomy":"category","embeddable":true,"href":"http:\/\/vocesver.com\/noticias\/wp-json\/wp\/v2\/categories?post=41572"},{"taxonomy":"post_tag","embeddable":true,"href":"http:\/\/vocesver.com\/noticias\/wp-json\/wp\/v2\/tags?post=41572"}],"curies":[{"name":"wp","href":"https:\/\/api.w.org\/{rel}","templated":true}]}}