{"id":41559,"date":"2023-11-27T23:05:06","date_gmt":"2023-11-27T23:05:06","guid":{"rendered":"http:\/\/vocesver.com\/noticias\/?p=41559"},"modified":"2023-11-27T23:08:06","modified_gmt":"2023-11-27T23:08:06","slug":"colocan-pino-navideno-frente-al-ayuntmiento-de-veracruz","status":"publish","type":"post","link":"http:\/\/vocesver.com\/noticias\/colocan-pino-navideno-frente-al-ayuntmiento-de-veracruz\/","title":{"rendered":"COLOCAN PINO NAVIDE\u00d1O FRENTE AL AYUNTMIENTO DE VERACRUZ."},"content":{"rendered":"\n<p><br><br>AUSENCIO RIVERA\/VOCESVER.COM\/NOTICIAS<br><br>Veracruz, Ver.. A 27 de Noviembre 2023..A casi un mes de celebrar la Navidad en Veracruz autoridades del Ayuntamiento comenzaron a instalar este lunes  el Pino navide\u00f1o y el Tradicional nacimiento. <\/p>\n\n\n\n<p>Desde temprana hora una brigada de Trabajadores municipales realizan estas tareas frente al Palacio Municipal, esto a pesar del norte que ha comenzado a soplar tras el ingreso del Frente Fr\u00edo N\u00famero 12 al Golfo de M\u00e9xico.<\/p>\n\n\n\n<p>Cabe mencionar que otra cuadrilla del municipio realiza diversas maniobras en la colocaci\u00f3n de luces y adornos navide\u00f1as.<br><br><br><br><br><br><br><br><br><br><br><br><br><br><br><br><\/p>\n","protected":false},"excerpt":{"rendered":"<p>AUSENCIO RIVERA\/VOCESVER.COM\/NOTICIAS Veracruz, Ver.. A 27 de Noviembre 2023..A casi un mes de celebrar la Navidad en Veracruz autoridades del<\/p>\n","protected":false},"author":2,"featured_media":41570,"comment_status":"open","ping_status":"open","sticky":false,"template":"","format":"standard","meta":{"colormag_page_container_layout":"default_layout","colormag_page_sidebar_layout":"default_layout","footnotes":""},"categories":[2],"tags":[],"class_list":["post-41559","post","type-post","status-publish","format-standard","has-post-thumbnail","hentry","category-infogral"],"_links":{"self":[{"href":"http:\/\/vocesver.com\/noticias\/wp-json\/wp\/v2\/posts\/41559","targetHints":{"allow":["GET"]}}],"collection":[{"href":"http:\/\/vocesver.com\/noticias\/wp-json\/wp\/v2\/posts"}],"about":[{"href":"http:\/\/vocesver.com\/noticias\/wp-json\/wp\/v2\/types\/post"}],"author":[{"embeddable":true,"href":"http:\/\/vocesver.com\/noticias\/wp-json\/wp\/v2\/users\/2"}],"replies":[{"embeddable":true,"href":"http:\/\/vocesver.com\/noticias\/wp-json\/wp\/v2\/comments?post=41559"}],"version-history":[{"count":2,"href":"http:\/\/vocesver.com\/noticias\/wp-json\/wp\/v2\/posts\/41559\/revisions"}],"predecessor-version":[{"id":41569,"href":"http:\/\/vocesver.com\/noticias\/wp-json\/wp\/v2\/posts\/41559\/revisions\/41569"}],"wp:featuredmedia":[{"embeddable":true,"href":"http:\/\/vocesver.com\/noticias\/wp-json\/wp\/v2\/media\/41570"}],"wp:attachment":[{"href":"http:\/\/vocesver.com\/noticias\/wp-json\/wp\/v2\/media?parent=41559"}],"wp:term":[{"taxonomy":"category","embeddable":true,"href":"http:\/\/vocesver.com\/noticias\/wp-json\/wp\/v2\/categories?post=41559"},{"taxonomy":"post_tag","embeddable":true,"href":"http:\/\/vocesver.com\/noticias\/wp-json\/wp\/v2\/tags?post=41559"}],"curies":[{"name":"wp","href":"https:\/\/api.w.org\/{rel}","templated":true}]}}