{"id":41519,"date":"2023-11-25T22:51:47","date_gmt":"2023-11-25T22:51:47","guid":{"rendered":"http:\/\/vocesver.com\/noticias\/?p=41519"},"modified":"2023-11-25T22:54:52","modified_gmt":"2023-11-25T22:54:52","slug":"van-con-claudia-tello","status":"publish","type":"post","link":"http:\/\/vocesver.com\/noticias\/van-con-claudia-tello\/","title":{"rendered":"\u00a1VAN CON CLAUDIA TELLO!"},"content":{"rendered":"\n<p>*Rosa Mar\u00eda respalda a Claudia Tello.<br>*Morenistas se suman, todos unidos con Claudia Tello.<br>*Cuadros de Veracruz, Boca del R\u00edo y Medell\u00edn de Bravo ven a Tello como el \u00fanico proyecto femenino para el Senado de la Rep\u00fablica.<br><br>AUSENCIO RIVERA\/VOCESVER.COM\/NOTICIAS<br><br>Veracruz, Ver., s\u00e1bado 25 de noviembre de 2023.- Hoy, la sororidad y solidaridad se manifest\u00f3 entre la militancia de Morena de Veracruz, Boca del R\u00edo y Medell\u00edn de Bravo, en un encuentro que suma las voluntades a favor de la aspiraci\u00f3n de Claudia Tello Espinosa, a la segunda f\u00f3rmula al Senado de la Rep\u00fablica.<br><br>En este D\u00eda Naranja, Tello Espinosa fue arropada por su hom\u00f3loga en la zona y anfitriona, diputada federal por el distrito 4 de Veracruz, Rosa Mar\u00eda Hern\u00e1ndez Espejo, as\u00ed como por los morenistas, diputados locales, regidores, delegados y simpatizantes de esta \u201crevoluci\u00f3n de conciencias\u201d<br><br>En este s\u00e1bado, en este encuentro de amigos, se agruparon para impulsar un proyecto de unidad donde Claudia Tello Espinosa es la apuesta femenina de Morena para contender por un esca\u00f1o en el Senado de la Rep\u00fablica.<br><br>Esta alianza interna no solo es importante porque suma a morenistas de base sino a simpatizantes de distintos sectores de la sociedad que se han integrado a este movimiento.<br><br>Asistieron diputados locales, ediles, delegados de Morena, simpatizantes y representantes del partido en esta regi\u00f3n como Norma Mendoza, Zoraya Villacis, Ana Cristina Morales Villar, Sergio Rodr\u00edguez Cort\u00e9s, Maritza Cantarell, Francisco Moreno Quiroga, Gerardo Rossete, Lissethe Mart\u00ednez, Daniel Mart\u00edn Lois, Esa\u00fa Hern\u00e1ndez, Ricardo Rodr\u00edguez D\u00edaz, Ky Dur\u00e1n Chincoya, Sebasti\u00e1n Cano, Ram\u00f3n \u00c1lvarez, Arturo Buend\u00eda, Karen Ronquillo y Bety Su, entre otros importantes cuadros.<br><br><br><br><br><br><br><br><br><br><br><br><br><br><br><br><br><br><br><br><br><br><br><br><\/p>\n","protected":false},"excerpt":{"rendered":"<p>*Rosa Mar\u00eda respalda a Claudia Tello.*Morenistas se suman, todos unidos con Claudia Tello.*Cuadros de Veracruz, Boca del R\u00edo y Medell\u00edn<\/p>\n","protected":false},"author":2,"featured_media":41527,"comment_status":"open","ping_status":"open","sticky":false,"template":"","format":"standard","meta":{"colormag_page_container_layout":"default_layout","colormag_page_sidebar_layout":"default_layout","footnotes":""},"categories":[2],"tags":[],"class_list":["post-41519","post","type-post","status-publish","format-standard","has-post-thumbnail","hentry","category-infogral"],"_links":{"self":[{"href":"http:\/\/vocesver.com\/noticias\/wp-json\/wp\/v2\/posts\/41519","targetHints":{"allow":["GET"]}}],"collection":[{"href":"http:\/\/vocesver.com\/noticias\/wp-json\/wp\/v2\/posts"}],"about":[{"href":"http:\/\/vocesver.com\/noticias\/wp-json\/wp\/v2\/types\/post"}],"author":[{"embeddable":true,"href":"http:\/\/vocesver.com\/noticias\/wp-json\/wp\/v2\/users\/2"}],"replies":[{"embeddable":true,"href":"http:\/\/vocesver.com\/noticias\/wp-json\/wp\/v2\/comments?post=41519"}],"version-history":[{"count":2,"href":"http:\/\/vocesver.com\/noticias\/wp-json\/wp\/v2\/posts\/41519\/revisions"}],"predecessor-version":[{"id":41526,"href":"http:\/\/vocesver.com\/noticias\/wp-json\/wp\/v2\/posts\/41519\/revisions\/41526"}],"wp:featuredmedia":[{"embeddable":true,"href":"http:\/\/vocesver.com\/noticias\/wp-json\/wp\/v2\/media\/41527"}],"wp:attachment":[{"href":"http:\/\/vocesver.com\/noticias\/wp-json\/wp\/v2\/media?parent=41519"}],"wp:term":[{"taxonomy":"category","embeddable":true,"href":"http:\/\/vocesver.com\/noticias\/wp-json\/wp\/v2\/categories?post=41519"},{"taxonomy":"post_tag","embeddable":true,"href":"http:\/\/vocesver.com\/noticias\/wp-json\/wp\/v2\/tags?post=41519"}],"curies":[{"name":"wp","href":"https:\/\/api.w.org\/{rel}","templated":true}]}}