{"id":41471,"date":"2023-11-23T22:59:47","date_gmt":"2023-11-23T22:59:47","guid":{"rendered":"http:\/\/vocesver.com\/noticias\/?p=41471"},"modified":"2023-11-23T23:05:00","modified_gmt":"2023-11-23T23:05:00","slug":"pese-al-frio-turistas-reccorren-elmalecon-de-veracruz","status":"publish","type":"post","link":"http:\/\/vocesver.com\/noticias\/pese-al-frio-turistas-reccorren-elmalecon-de-veracruz\/","title":{"rendered":"PESE AL FRIO TURISTAS RECORREN EL MALEC\u00d3N DE VERACRUZ."},"content":{"rendered":"\n<p>REDACCI\u00d3N\/VOCESVER.COM\/NOTICIAS<br><br>Veracruz,Ver.- a 23 de Noviembre 2023..Pese a haber descendido la temperatura consecuencia del iingreso Frente Fr\u00edo  11 al Golfo de M\u00e9xico, turistas recorrieron este jueves el Malec\u00f3n de Veracruz. Foto Ausencio RIVERA<br><br><br><br><br><br><br><br><br><br><br><br><br><br><br><br><br><br><br><br><br><\/p>\n","protected":false},"excerpt":{"rendered":"<p>REDACCI\u00d3N\/VOCESVER.COM\/NOTICIAS Veracruz,Ver.- a 23 de Noviembre 2023..Pese a haber descendido la temperatura consecuencia del iingreso Frente Fr\u00edo 11 al Golfo<\/p>\n","protected":false},"author":2,"featured_media":41477,"comment_status":"open","ping_status":"open","sticky":false,"template":"","format":"standard","meta":{"colormag_page_container_layout":"default_layout","colormag_page_sidebar_layout":"default_layout","footnotes":""},"categories":[2],"tags":[],"class_list":["post-41471","post","type-post","status-publish","format-standard","has-post-thumbnail","hentry","category-infogral"],"_links":{"self":[{"href":"http:\/\/vocesver.com\/noticias\/wp-json\/wp\/v2\/posts\/41471","targetHints":{"allow":["GET"]}}],"collection":[{"href":"http:\/\/vocesver.com\/noticias\/wp-json\/wp\/v2\/posts"}],"about":[{"href":"http:\/\/vocesver.com\/noticias\/wp-json\/wp\/v2\/types\/post"}],"author":[{"embeddable":true,"href":"http:\/\/vocesver.com\/noticias\/wp-json\/wp\/v2\/users\/2"}],"replies":[{"embeddable":true,"href":"http:\/\/vocesver.com\/noticias\/wp-json\/wp\/v2\/comments?post=41471"}],"version-history":[{"count":3,"href":"http:\/\/vocesver.com\/noticias\/wp-json\/wp\/v2\/posts\/41471\/revisions"}],"predecessor-version":[{"id":41478,"href":"http:\/\/vocesver.com\/noticias\/wp-json\/wp\/v2\/posts\/41471\/revisions\/41478"}],"wp:featuredmedia":[{"embeddable":true,"href":"http:\/\/vocesver.com\/noticias\/wp-json\/wp\/v2\/media\/41477"}],"wp:attachment":[{"href":"http:\/\/vocesver.com\/noticias\/wp-json\/wp\/v2\/media?parent=41471"}],"wp:term":[{"taxonomy":"category","embeddable":true,"href":"http:\/\/vocesver.com\/noticias\/wp-json\/wp\/v2\/categories?post=41471"},{"taxonomy":"post_tag","embeddable":true,"href":"http:\/\/vocesver.com\/noticias\/wp-json\/wp\/v2\/tags?post=41471"}],"curies":[{"name":"wp","href":"https:\/\/api.w.org\/{rel}","templated":true}]}}