{"id":41467,"date":"2023-11-23T22:49:39","date_gmt":"2023-11-23T22:49:39","guid":{"rendered":"http:\/\/vocesver.com\/noticias\/?p=41467"},"modified":"2023-11-23T23:04:05","modified_gmt":"2023-11-23T23:04:05","slug":"en-veracruz-si-se-quiere-al-turismo","status":"publish","type":"post","link":"http:\/\/vocesver.com\/noticias\/en-veracruz-si-se-quiere-al-turismo\/","title":{"rendered":"EN VERACRUZ SI SE QUIERE AL TURISMO."},"content":{"rendered":"\n<p>REDACCI\u00d3N\/VOCESVER.COM\/NOTICIAS<br><br><br>Veracruz;Ver.-a 23 de Noviembre 2023.- En Veravruz si se quiere al turismo, aq\u00fai vemos a una persona parando el tr\u00e1fico para que crucen la calle sin ning\u00fan problema, esto luego de haber llegado a un conocido hotel de esta Ciudad. Foto Ausencio RIVVERA<br><br><br><br><br><br><br><br><br><br><br><br><br><br><br><br><br><br><br><br><\/p>\n","protected":false},"excerpt":{"rendered":"<p>REDACCI\u00d3N\/VOCESVER.COM\/NOTICIAS Veracruz;Ver.-a 23 de Noviembre 2023.- En Veravruz si se quiere al turismo, aq\u00fai vemos a una persona parando el<\/p>\n","protected":false},"author":2,"featured_media":41473,"comment_status":"open","ping_status":"open","sticky":false,"template":"","format":"standard","meta":{"colormag_page_container_layout":"default_layout","colormag_page_sidebar_layout":"default_layout","footnotes":""},"categories":[2],"tags":[],"class_list":["post-41467","post","type-post","status-publish","format-standard","has-post-thumbnail","hentry","category-infogral"],"_links":{"self":[{"href":"http:\/\/vocesver.com\/noticias\/wp-json\/wp\/v2\/posts\/41467","targetHints":{"allow":["GET"]}}],"collection":[{"href":"http:\/\/vocesver.com\/noticias\/wp-json\/wp\/v2\/posts"}],"about":[{"href":"http:\/\/vocesver.com\/noticias\/wp-json\/wp\/v2\/types\/post"}],"author":[{"embeddable":true,"href":"http:\/\/vocesver.com\/noticias\/wp-json\/wp\/v2\/users\/2"}],"replies":[{"embeddable":true,"href":"http:\/\/vocesver.com\/noticias\/wp-json\/wp\/v2\/comments?post=41467"}],"version-history":[{"count":2,"href":"http:\/\/vocesver.com\/noticias\/wp-json\/wp\/v2\/posts\/41467\/revisions"}],"predecessor-version":[{"id":41472,"href":"http:\/\/vocesver.com\/noticias\/wp-json\/wp\/v2\/posts\/41467\/revisions\/41472"}],"wp:featuredmedia":[{"embeddable":true,"href":"http:\/\/vocesver.com\/noticias\/wp-json\/wp\/v2\/media\/41473"}],"wp:attachment":[{"href":"http:\/\/vocesver.com\/noticias\/wp-json\/wp\/v2\/media?parent=41467"}],"wp:term":[{"taxonomy":"category","embeddable":true,"href":"http:\/\/vocesver.com\/noticias\/wp-json\/wp\/v2\/categories?post=41467"},{"taxonomy":"post_tag","embeddable":true,"href":"http:\/\/vocesver.com\/noticias\/wp-json\/wp\/v2\/tags?post=41467"}],"curies":[{"name":"wp","href":"https:\/\/api.w.org\/{rel}","templated":true}]}}