{"id":41460,"date":"2023-11-23T22:41:12","date_gmt":"2023-11-23T22:41:12","guid":{"rendered":"http:\/\/vocesver.com\/noticias\/?p=41460"},"modified":"2023-11-23T22:43:00","modified_gmt":"2023-11-23T22:43:00","slug":"llego-santa-a-la-avenida-independencia-del-puerto-jarocho","status":"publish","type":"post","link":"http:\/\/vocesver.com\/noticias\/llego-santa-a-la-avenida-independencia-del-puerto-jarocho\/","title":{"rendered":"LLEG\u00d3 SANTA A LA AVENIDA INDEPENDENCIA DEL PUERTO JAROCHO."},"content":{"rendered":"\n<p>REDACCI\u00d6N\/VOCESVER.COM\/NOTICIAS<br><br>Veracruz,Ver,. a 23 de Noviembre 2023.- A casi un mes de celebrar la Navidad en este puerto,diversos comercios del Centro Hist\u00f3rico ya se encuentran adornados con art\u00edculos alusivos a la celebraci\u00f3n. Foto Ausencio RIVERA<br><br><br><br><br><br><br><br><br><br><br><br><br><br><br><br><br><br><br><br><br><\/p>\n","protected":false},"excerpt":{"rendered":"<p>REDACCI\u00d6N\/VOCESVER.COM\/NOTICIAS Veracruz,Ver,. a 23 de Noviembre 2023.- A casi un mes de celebrar la Navidad en este puerto,diversos comercios del<\/p>\n","protected":false},"author":2,"featured_media":41469,"comment_status":"open","ping_status":"open","sticky":false,"template":"","format":"standard","meta":{"colormag_page_container_layout":"default_layout","colormag_page_sidebar_layout":"default_layout","footnotes":""},"categories":[2],"tags":[],"class_list":["post-41460","post","type-post","status-publish","format-standard","has-post-thumbnail","hentry","category-infogral"],"_links":{"self":[{"href":"http:\/\/vocesver.com\/noticias\/wp-json\/wp\/v2\/posts\/41460","targetHints":{"allow":["GET"]}}],"collection":[{"href":"http:\/\/vocesver.com\/noticias\/wp-json\/wp\/v2\/posts"}],"about":[{"href":"http:\/\/vocesver.com\/noticias\/wp-json\/wp\/v2\/types\/post"}],"author":[{"embeddable":true,"href":"http:\/\/vocesver.com\/noticias\/wp-json\/wp\/v2\/users\/2"}],"replies":[{"embeddable":true,"href":"http:\/\/vocesver.com\/noticias\/wp-json\/wp\/v2\/comments?post=41460"}],"version-history":[{"count":2,"href":"http:\/\/vocesver.com\/noticias\/wp-json\/wp\/v2\/posts\/41460\/revisions"}],"predecessor-version":[{"id":41468,"href":"http:\/\/vocesver.com\/noticias\/wp-json\/wp\/v2\/posts\/41460\/revisions\/41468"}],"wp:featuredmedia":[{"embeddable":true,"href":"http:\/\/vocesver.com\/noticias\/wp-json\/wp\/v2\/media\/41469"}],"wp:attachment":[{"href":"http:\/\/vocesver.com\/noticias\/wp-json\/wp\/v2\/media?parent=41460"}],"wp:term":[{"taxonomy":"category","embeddable":true,"href":"http:\/\/vocesver.com\/noticias\/wp-json\/wp\/v2\/categories?post=41460"},{"taxonomy":"post_tag","embeddable":true,"href":"http:\/\/vocesver.com\/noticias\/wp-json\/wp\/v2\/tags?post=41460"}],"curies":[{"name":"wp","href":"https:\/\/api.w.org\/{rel}","templated":true}]}}